{"id":7490,"date":"2016-08-25T19:22:12","date_gmt":"2016-08-25T22:22:12","guid":{"rendered":"https:\/\/eldiariodesanpedro.com.ar\/sitio\/?p=7490"},"modified":"2016-08-25T19:22:12","modified_gmt":"2016-08-25T22:22:12","slug":"la-secretaria-de-salud-agradecio-a-la-liga-deportiva-una-donacion","status":"publish","type":"post","link":"https:\/\/eldiariodesanpedro.com.ar\/sitio\/la-secretaria-de-salud-agradecio-a-la-liga-deportiva-una-donacion\/","title":{"rendered":"La Secretar\u00eda de Salud agradeci\u00f3 a la Liga Deportiva una donaci\u00f3n"},"content":{"rendered":"<p><!-- VideographyWP Plugin Message: Automatic video embedding prevented by plugin options. --><br \/>\nLa Municipalidad de San Pedro, a trav\u00e9s de la Secretar\u00eda de Salud que dirige el Dr. Edgar Britos, agradece a las autoridades de la Liga Deportiva Sampedrina, quienes donaron apliques y jaboneras para los 11 ba\u00f1os del Hospital.<\/p>\n","protected":false},"excerpt":{"rendered":"<p>La Municipalidad de San Pedro, a trav\u00e9s de la Secretar\u00eda de Salud que dirige el Dr. Edgar Britos, agradece a las autoridades de la Liga Deportiva Sampedrina, quienes donaron apliques y jaboneras para los 11 ba\u00f1os del Hospital.<\/p>\n","protected":false},"author":4,"featured_media":7491,"comment_status":"open","ping_status":"closed","sticky":false,"template":"","format":"standard","meta":{"om_disable_all_campaigns":false,"_jetpack_memberships_contains_paid_content":false,"footnotes":""},"categories":[101,2],"tags":[],"class_list":["post-7490","post","type-post","status-publish","format-standard","has-post-thumbnail","hentry","category-interes-general-locales","category-locales"],"aioseo_notices":[],"gutentor_comment":0,"jetpack_featured_media_url":"https:\/\/eldiariodesanpedro.com.ar\/sitio\/wp-content\/uploads\/2016\/08\/PAGINA-6-02-2.jpg","jetpack_shortlink":"https:\/\/wp.me\/p6RhLt-1WO","jetpack_sharing_enabled":true,"_links":{"self":[{"href":"https:\/\/eldiariodesanpedro.com.ar\/sitio\/wp-json\/wp\/v2\/posts\/7490","targetHints":{"allow":["GET"]}}],"collection":[{"href":"https:\/\/eldiariodesanpedro.com.ar\/sitio\/wp-json\/wp\/v2\/posts"}],"about":[{"href":"https:\/\/eldiariodesanpedro.com.ar\/sitio\/wp-json\/wp\/v2\/types\/post"}],"author":[{"embeddable":true,"href":"https:\/\/eldiariodesanpedro.com.ar\/sitio\/wp-json\/wp\/v2\/users\/4"}],"replies":[{"embeddable":true,"href":"https:\/\/eldiariodesanpedro.com.ar\/sitio\/wp-json\/wp\/v2\/comments?post=7490"}],"version-history":[{"count":1,"href":"https:\/\/eldiariodesanpedro.com.ar\/sitio\/wp-json\/wp\/v2\/posts\/7490\/revisions"}],"predecessor-version":[{"id":7492,"href":"https:\/\/eldiariodesanpedro.com.ar\/sitio\/wp-json\/wp\/v2\/posts\/7490\/revisions\/7492"}],"wp:featuredmedia":[{"embeddable":true,"href":"https:\/\/eldiariodesanpedro.com.ar\/sitio\/wp-json\/wp\/v2\/media\/7491"}],"wp:attachment":[{"href":"https:\/\/eldiariodesanpedro.com.ar\/sitio\/wp-json\/wp\/v2\/media?parent=7490"}],"wp:term":[{"taxonomy":"category","embeddable":true,"href":"https:\/\/eldiariodesanpedro.com.ar\/sitio\/wp-json\/wp\/v2\/categories?post=7490"},{"taxonomy":"post_tag","embeddable":true,"href":"https:\/\/eldiariodesanpedro.com.ar\/sitio\/wp-json\/wp\/v2\/tags?post=7490"}],"curies":[{"name":"wp","href":"https:\/\/api.w.org\/{rel}","templated":true}]}}