{"id":74899,"date":"2020-06-03T11:51:26","date_gmt":"2020-06-03T14:51:26","guid":{"rendered":"https:\/\/eldiariodesanpedro.com.ar\/sitio\/?p=74899"},"modified":"2020-06-03T11:51:29","modified_gmt":"2020-06-03T14:51:29","slug":"trato-de-agredir-a-policias-y-fue-aprehendido","status":"publish","type":"post","link":"https:\/\/eldiariodesanpedro.com.ar\/sitio\/trato-de-agredir-a-policias-y-fue-aprehendido\/","title":{"rendered":"Trato de agredir a polic\u00edas y fue aprehendido"},"content":{"rendered":"<!-- VideographyWP Plugin Message: Automatic video embedding prevented by plugin options. -->\n\n<p>Este martes la polic\u00eda de nuestra ciudad realiz\u00f3 la aprehensi\u00f3n de un ciudadano que trato de agredir a los efectivos,<\/p>\n\n\n\n<p>En minutos cercanos a la medianoche efectivos policiales de nuestra ciudad interceptan en calle Bottaro y Bozzano a un masculino mayor de edad quien al ser identificado se torna violento tratando de agredir a los efectivos policiales, por lo que fue reducido y trasladado al nosocomio local.<\/p>\n\n\n\n<p>Los polic\u00edas afortunadamente resultaron ilesos.<\/p>\n","protected":false},"excerpt":{"rendered":"<p>Este martes la polic\u00eda de nuestra ciudad realiz\u00f3 la aprehensi\u00f3n de un ciudadano que trato de agredir a los efectivos, En minutos cercanos a la medianoche efectivos policiales de nuestra ciudad interceptan en calle Bottaro y Bozzano a un masculino mayor de edad quien al ser identificado se torna violento tratando de agredir a los [&hellip;]<\/p>\n","protected":false},"author":4,"featured_media":74900,"comment_status":"open","ping_status":"closed","sticky":false,"template":"","format":"standard","meta":{"om_disable_all_campaigns":false,"_jetpack_memberships_contains_paid_content":false,"footnotes":""},"categories":[2,103],"tags":[33,585],"class_list":["post-74899","post","type-post","status-publish","format-standard","has-post-thumbnail","hentry","category-locales","category-policiales-locales","tag-locales","tag-policias"],"aioseo_notices":[],"gutentor_comment":0,"jetpack_featured_media_url":"https:\/\/eldiariodesanpedro.com.ar\/sitio\/wp-content\/uploads\/2020\/06\/WhatsApp-Image-2020-06-03-at-09.46.56.jpeg","jetpack_shortlink":"https:\/\/wp.me\/p6RhLt-ju3","jetpack_sharing_enabled":true,"_links":{"self":[{"href":"https:\/\/eldiariodesanpedro.com.ar\/sitio\/wp-json\/wp\/v2\/posts\/74899","targetHints":{"allow":["GET"]}}],"collection":[{"href":"https:\/\/eldiariodesanpedro.com.ar\/sitio\/wp-json\/wp\/v2\/posts"}],"about":[{"href":"https:\/\/eldiariodesanpedro.com.ar\/sitio\/wp-json\/wp\/v2\/types\/post"}],"author":[{"embeddable":true,"href":"https:\/\/eldiariodesanpedro.com.ar\/sitio\/wp-json\/wp\/v2\/users\/4"}],"replies":[{"embeddable":true,"href":"https:\/\/eldiariodesanpedro.com.ar\/sitio\/wp-json\/wp\/v2\/comments?post=74899"}],"version-history":[{"count":1,"href":"https:\/\/eldiariodesanpedro.com.ar\/sitio\/wp-json\/wp\/v2\/posts\/74899\/revisions"}],"predecessor-version":[{"id":74901,"href":"https:\/\/eldiariodesanpedro.com.ar\/sitio\/wp-json\/wp\/v2\/posts\/74899\/revisions\/74901"}],"wp:featuredmedia":[{"embeddable":true,"href":"https:\/\/eldiariodesanpedro.com.ar\/sitio\/wp-json\/wp\/v2\/media\/74900"}],"wp:attachment":[{"href":"https:\/\/eldiariodesanpedro.com.ar\/sitio\/wp-json\/wp\/v2\/media?parent=74899"}],"wp:term":[{"taxonomy":"category","embeddable":true,"href":"https:\/\/eldiariodesanpedro.com.ar\/sitio\/wp-json\/wp\/v2\/categories?post=74899"},{"taxonomy":"post_tag","embeddable":true,"href":"https:\/\/eldiariodesanpedro.com.ar\/sitio\/wp-json\/wp\/v2\/tags?post=74899"}],"curies":[{"name":"wp","href":"https:\/\/api.w.org\/{rel}","templated":true}]}}