{"id":74896,"date":"2020-06-03T11:39:39","date_gmt":"2020-06-03T14:39:39","guid":{"rendered":"https:\/\/eldiariodesanpedro.com.ar\/sitio\/?p=74896"},"modified":"2020-06-03T11:39:41","modified_gmt":"2020-06-03T14:39:41","slug":"golpeaba-a-su-hermana-y-fue-aprehendido","status":"publish","type":"post","link":"https:\/\/eldiariodesanpedro.com.ar\/sitio\/golpeaba-a-su-hermana-y-fue-aprehendido\/","title":{"rendered":"Golpeaba a su hermana y fue aprehendido"},"content":{"rendered":"<!-- VideographyWP Plugin Message: Automatic video embedding prevented by plugin options. -->\n\n<p>En la jornada de este martes se recibi\u00f3 un llamado al 911 solicitando la presencia de un m\u00f3vil policial donde un masculino estar\u00eda agrediendo a una mujer y ocasionando disturbios en el interior de una vivienda.<\/p>\n\n\n\n<p>Los efectivos de la comisar\u00eda local se hicieron presentes en una vivienda ubicada en calle Auli al 400 donde un joven de 29 a\u00f1os se encontraba golpeando a su hermana. En r\u00e1pido accionar los uniformados lograron reducirlo y trasladarlo hasta la dependencia donde permanece alojado.<\/p>\n\n\n\n<p>Por su parte la v\u00edctima sufri\u00f3 lesiones leves y fue trasladado a la comisar\u00eda de la mujer donde realiz\u00f3 la correspondiente denuncia.<\/p>\n","protected":false},"excerpt":{"rendered":"<p>En la jornada de este martes se recibi\u00f3 un llamado al 911 solicitando la presencia de un m\u00f3vil policial donde un masculino estar\u00eda agrediendo a una mujer y ocasionando disturbios en el interior de una vivienda. Los efectivos de la comisar\u00eda local se hicieron presentes en una vivienda ubicada en calle Auli al 400 donde [&hellip;]<\/p>\n","protected":false},"author":4,"featured_media":74897,"comment_status":"open","ping_status":"closed","sticky":false,"template":"","format":"standard","meta":{"om_disable_all_campaigns":false,"_jetpack_memberships_contains_paid_content":false,"footnotes":""},"categories":[2,103],"tags":[197,33,95,855],"class_list":["post-74896","post","type-post","status-publish","format-standard","has-post-thumbnail","hentry","category-locales","category-policiales-locales","tag-buenos-aires","tag-locales","tag-policiales","tag-violencia-de-genero"],"aioseo_notices":[],"gutentor_comment":0,"jetpack_featured_media_url":"https:\/\/eldiariodesanpedro.com.ar\/sitio\/wp-content\/uploads\/2020\/06\/WhatsApp-Image-2020-06-03-at-09.47.56.jpeg","jetpack_shortlink":"https:\/\/wp.me\/p6RhLt-ju0","jetpack_sharing_enabled":true,"_links":{"self":[{"href":"https:\/\/eldiariodesanpedro.com.ar\/sitio\/wp-json\/wp\/v2\/posts\/74896","targetHints":{"allow":["GET"]}}],"collection":[{"href":"https:\/\/eldiariodesanpedro.com.ar\/sitio\/wp-json\/wp\/v2\/posts"}],"about":[{"href":"https:\/\/eldiariodesanpedro.com.ar\/sitio\/wp-json\/wp\/v2\/types\/post"}],"author":[{"embeddable":true,"href":"https:\/\/eldiariodesanpedro.com.ar\/sitio\/wp-json\/wp\/v2\/users\/4"}],"replies":[{"embeddable":true,"href":"https:\/\/eldiariodesanpedro.com.ar\/sitio\/wp-json\/wp\/v2\/comments?post=74896"}],"version-history":[{"count":1,"href":"https:\/\/eldiariodesanpedro.com.ar\/sitio\/wp-json\/wp\/v2\/posts\/74896\/revisions"}],"predecessor-version":[{"id":74898,"href":"https:\/\/eldiariodesanpedro.com.ar\/sitio\/wp-json\/wp\/v2\/posts\/74896\/revisions\/74898"}],"wp:featuredmedia":[{"embeddable":true,"href":"https:\/\/eldiariodesanpedro.com.ar\/sitio\/wp-json\/wp\/v2\/media\/74897"}],"wp:attachment":[{"href":"https:\/\/eldiariodesanpedro.com.ar\/sitio\/wp-json\/wp\/v2\/media?parent=74896"}],"wp:term":[{"taxonomy":"category","embeddable":true,"href":"https:\/\/eldiariodesanpedro.com.ar\/sitio\/wp-json\/wp\/v2\/categories?post=74896"},{"taxonomy":"post_tag","embeddable":true,"href":"https:\/\/eldiariodesanpedro.com.ar\/sitio\/wp-json\/wp\/v2\/tags?post=74896"}],"curies":[{"name":"wp","href":"https:\/\/api.w.org\/{rel}","templated":true}]}}