{"id":7488,"date":"2016-08-25T19:17:36","date_gmt":"2016-08-25T22:17:36","guid":{"rendered":"https:\/\/eldiariodesanpedro.com.ar\/sitio\/?p=7488"},"modified":"2016-08-25T19:17:36","modified_gmt":"2016-08-25T22:17:36","slug":"jubilados-y-pensionados-del-ips-percibiran-los-haberes-del-mes-de-agosto","status":"publish","type":"post","link":"https:\/\/eldiariodesanpedro.com.ar\/sitio\/jubilados-y-pensionados-del-ips-percibiran-los-haberes-del-mes-de-agosto\/","title":{"rendered":"Jubilados y pensionados del IPS percibir\u00e1n los haberes del mes de agosto"},"content":{"rendered":"<p><!-- VideographyWP Plugin Message: Automatic video embedding prevented by plugin options. --><br \/>\nEl Instituto de Previsi\u00f3n Social (IPS) dio a conocer que los jubilados y pensionados de la provincia de Buenos Aires percibir\u00e1n los haberes de agosto entre el martes 30 y el mi\u00e9rcoles 31 del corriente, seg\u00fan cronograma que se detalla a continuaci\u00f3n:<br \/>\nMartes 30: Pensiones Sociales. Beneficios con Documentos terminados en 0, 1, 2 y 3.<br \/>\nMi\u00e9rcoles 31: Beneficios con Documentos terminados 4, 5, 6, 7, 8 y 9.<br \/>\nAquellos beneficiarios que cobran por cajero autom\u00e1tico se encuentran incluidos en las fechas de pago seg\u00fan terminaci\u00f3n del n\u00famero de documento.<br \/>\nLa fecha de vencimiento del pago de agosto es el d\u00eda 23 de septiembre de 2016.<\/p>\n","protected":false},"excerpt":{"rendered":"<p>El Instituto de Previsi\u00f3n Social (IPS) dio a conocer que los jubilados y pensionados de la provincia de Buenos Aires percibir\u00e1n los haberes de agosto entre el martes 30 y el mi\u00e9rcoles 31 del corriente, seg\u00fan cronograma que se detalla a continuaci\u00f3n: Martes 30: Pensiones Sociales. Beneficios con Documentos terminados en 0, 1, 2 y [&hellip;]<\/p>\n","protected":false},"author":4,"featured_media":3600,"comment_status":"open","ping_status":"closed","sticky":false,"template":"","format":"standard","meta":{"om_disable_all_campaigns":false,"_jetpack_memberships_contains_paid_content":false,"footnotes":""},"categories":[101,2],"tags":[],"class_list":["post-7488","post","type-post","status-publish","format-standard","has-post-thumbnail","hentry","category-interes-general-locales","category-locales"],"aioseo_notices":[],"gutentor_comment":0,"jetpack_featured_media_url":"https:\/\/eldiariodesanpedro.com.ar\/sitio\/wp-content\/uploads\/2016\/04\/jubilados.jpg","jetpack_shortlink":"https:\/\/wp.me\/p6RhLt-1WM","jetpack_sharing_enabled":true,"_links":{"self":[{"href":"https:\/\/eldiariodesanpedro.com.ar\/sitio\/wp-json\/wp\/v2\/posts\/7488","targetHints":{"allow":["GET"]}}],"collection":[{"href":"https:\/\/eldiariodesanpedro.com.ar\/sitio\/wp-json\/wp\/v2\/posts"}],"about":[{"href":"https:\/\/eldiariodesanpedro.com.ar\/sitio\/wp-json\/wp\/v2\/types\/post"}],"author":[{"embeddable":true,"href":"https:\/\/eldiariodesanpedro.com.ar\/sitio\/wp-json\/wp\/v2\/users\/4"}],"replies":[{"embeddable":true,"href":"https:\/\/eldiariodesanpedro.com.ar\/sitio\/wp-json\/wp\/v2\/comments?post=7488"}],"version-history":[{"count":1,"href":"https:\/\/eldiariodesanpedro.com.ar\/sitio\/wp-json\/wp\/v2\/posts\/7488\/revisions"}],"predecessor-version":[{"id":7489,"href":"https:\/\/eldiariodesanpedro.com.ar\/sitio\/wp-json\/wp\/v2\/posts\/7488\/revisions\/7489"}],"wp:featuredmedia":[{"embeddable":true,"href":"https:\/\/eldiariodesanpedro.com.ar\/sitio\/wp-json\/wp\/v2\/media\/3600"}],"wp:attachment":[{"href":"https:\/\/eldiariodesanpedro.com.ar\/sitio\/wp-json\/wp\/v2\/media?parent=7488"}],"wp:term":[{"taxonomy":"category","embeddable":true,"href":"https:\/\/eldiariodesanpedro.com.ar\/sitio\/wp-json\/wp\/v2\/categories?post=7488"},{"taxonomy":"post_tag","embeddable":true,"href":"https:\/\/eldiariodesanpedro.com.ar\/sitio\/wp-json\/wp\/v2\/tags?post=7488"}],"curies":[{"name":"wp","href":"https:\/\/api.w.org\/{rel}","templated":true}]}}