{"id":74874,"date":"2020-06-02T20:50:26","date_gmt":"2020-06-02T23:50:26","guid":{"rendered":"https:\/\/eldiariodesanpedro.com.ar\/sitio\/?p=74874"},"modified":"2020-06-02T22:44:05","modified_gmt":"2020-06-03T01:44:05","slug":"el-ministro-de-produccion-de-la-provincia-recorrio-el-puerto-local-y-empresas-locales-junto-al-intendente","status":"publish","type":"post","link":"https:\/\/eldiariodesanpedro.com.ar\/sitio\/el-ministro-de-produccion-de-la-provincia-recorrio-el-puerto-local-y-empresas-locales-junto-al-intendente\/","title":{"rendered":"El Ministro de Producci\u00f3n de la Provincia recorri\u00f3 el Puerto Local y empresas locales junto al Intendente"},"content":{"rendered":"<!-- VideographyWP Plugin Message: Automatic video embedding prevented by plugin options. -->\n\n<p>El Ministro Costa y el Subsecretario Lucero, recorrieron el lugar y anticiparon que se profundizar\u00e1 el an\u00e1lisis de esta propuesta, para una inversi\u00f3n que proyecta la ampliaci\u00f3n de la infraestructura portuaria para la exportaci\u00f3n de granos.<\/p>\n\n\n\n<p>Acompa\u00f1ado por el Intendente Cecilio Salazar, los secretarios de Coordinaci\u00f3n Ram\u00f3n Salazar, de Gobierno Silvio Corti y de Desarrollo Econ\u00f3mico Alfredo Camilletti y por el Presidente del Consorcio de Gesti\u00f3n del Puerto de San Pedro Eliseo Almada, el funcionario fue recibido en primer t\u00e9rmino en el despacho oficial para una reuni\u00f3n con todos los funcionarios.<\/p>\n\n\n\n<p>Desde all\u00ed se inici\u00f3 una recorrida por el Puerto, las instalaciones de Grobocopatel Hermanos y Morresi Fruit, a la que se sumaron el concejal Iv\u00e1n Paz, el presidente del bloque de concejales del Frente de Todos Mart\u00edn Baraybar y el concejal Juan Cruz Gonz\u00e1lez de la misma bancada, que fueron invitados por el Ministro y por el Intendente, destacando la importancia de esta iniciativa.<\/p>\n\n\n\n<p>En primer t\u00e9rmino se dirigieron al Puerto para recorrer la zona de muelles, en los que se encontraba operando un buque cargando cereal y una draga cumpliendo tareas de aprovisionamiento. Los funcionarios municipales y del consorcio explicaron la situaci\u00f3n general, las \u00faltimas tareas realizadas de dragado y mantenimiento, y la proyecci\u00f3n que representa el avance del proyecto de la firma Grobocopatel Hermanos, en las instalaciones de Terminal Puerto San Pedro.<\/p>\n\n\n\n<p>Ya en ese complejo, los funcionarios provinciales dialogaron con el empresario responsable de este proyecto Daniel Grobocopatel para el que ya se han invertido m\u00e1s de 8 millones de d\u00f3lares en la ampliaci\u00f3n de las instalaciones ubicadas en el predio que se conecta a trav\u00e9s del elevador con el muelle cabecera. All\u00ed se construyeron celdas para el copio de 45.000 toneladas de cereal no transg\u00e9nico y recuperaron la operatividad de los silos subterr\u00e1neos<\/p>\n\n\n\n<p>El Ministro Costa y el Subsecretario Lucero, recorrieron el lugar y anticiparon que se ha analizado la iniciativa, y que avanza su revisi\u00f3n con buenas perspectivas para que en los pr\u00f3ximos meses se pueda recibir el visto bueno necesario para que la inversi\u00f3n proyectada se extienda a la ampliaci\u00f3n de la infraestructura portuaria para la exportaci\u00f3n de granos.<\/p>\n\n\n\n<p>La visita se complet\u00f3 con una recorrida por el galp\u00f3n de empaque modelo de la firma Morresi Fruit, donde tambi\u00e9n fueron recibidos por los responsables del establecimiento que efectuar\u00e1 un importante volumen de exportaciones en las pr\u00f3ximas semanas.<\/p>\n\n\n\n<p>La recorrida coincidi\u00f3 con el empaque de c\u00edtricos que demanda m\u00e1s de 50 puestos de trabajo y los empresarios comentaron adem\u00e1s que en pleno desarrollo de la campa\u00f1a se est\u00e1n contratando m\u00e1s de 200 personas para las tareas en los montes. Tambi\u00e9n brindaron informaci\u00f3n sobre la experiencia que realizan en plantaciones de limones bajo cubierta para ampliar las perspectivas de producci\u00f3n y exportaci\u00f3n.<\/p>\n\n\n\n<p>El Ministro que asumi\u00f3 en su cargo el pasado 10 de diciembre pudo corroborar personalmente y con quienes lo acompa\u00f1aron, los esfuerzos que se vienen realizando desde la gesti\u00f3n local para respaldar y fortalecer todos los ejes de la producci\u00f3n que son generadores de trabajo y actividad econ\u00f3mica para nuestra zona y se comprometi\u00f3 a mantener un canal de di\u00e1logo directo para apoyar la consolidaci\u00f3n y el crecimiento de todos los proyectos que apunten en la misma direcci\u00f3n.<\/p>\n\n\n\n<figure class=\"wp-block-image size-large\"><img decoding=\"async\" width=\"1024\" height=\"682\" data-attachment-id=\"74875\" data-permalink=\"https:\/\/eldiariodesanpedro.com.ar\/sitio\/el-ministro-de-produccion-de-la-provincia-recorrio-el-puerto-local-y-empresas-locales-junto-al-intendente\/whatsapp-image-2020-06-02-at-20-37-38-1\/\" data-orig-file=\"https:\/\/eldiariodesanpedro.com.ar\/sitio\/wp-content\/uploads\/2020\/06\/WhatsApp-Image-2020-06-02-at-20.37.38-1.jpeg\" data-orig-size=\"1280,853\" data-comments-opened=\"1\" data-image-meta=\"{&quot;aperture&quot;:&quot;0&quot;,&quot;credit&quot;:&quot;&quot;,&quot;camera&quot;:&quot;&quot;,&quot;caption&quot;:&quot;&quot;,&quot;created_timestamp&quot;:&quot;0&quot;,&quot;copyright&quot;:&quot;&quot;,&quot;focal_length&quot;:&quot;0&quot;,&quot;iso&quot;:&quot;0&quot;,&quot;shutter_speed&quot;:&quot;0&quot;,&quot;title&quot;:&quot;&quot;,&quot;orientation&quot;:&quot;0&quot;}\" data-image-title=\"WhatsApp Image 2020-06-02 at 20.37.38 (1)\" data-image-description=\"\" data-image-caption=\"\" data-large-file=\"https:\/\/eldiariodesanpedro.com.ar\/sitio\/wp-content\/uploads\/2020\/06\/WhatsApp-Image-2020-06-02-at-20.37.38-1-1024x682.jpeg\" data-src=\"https:\/\/eldiariodesanpedro.com.ar\/sitio\/wp-content\/uploads\/2020\/06\/WhatsApp-Image-2020-06-02-at-20.37.38-1-1024x682.jpeg\" alt=\"\" class=\"wp-image-74875 lazyload\" data-srcset=\"https:\/\/eldiariodesanpedro.com.ar\/sitio\/wp-content\/uploads\/2020\/06\/WhatsApp-Image-2020-06-02-at-20.37.38-1-1024x682.jpeg 1024w, https:\/\/eldiariodesanpedro.com.ar\/sitio\/wp-content\/uploads\/2020\/06\/WhatsApp-Image-2020-06-02-at-20.37.38-1-300x200.jpeg 300w, https:\/\/eldiariodesanpedro.com.ar\/sitio\/wp-content\/uploads\/2020\/06\/WhatsApp-Image-2020-06-02-at-20.37.38-1-768x512.jpeg 768w, https:\/\/eldiariodesanpedro.com.ar\/sitio\/wp-content\/uploads\/2020\/06\/WhatsApp-Image-2020-06-02-at-20.37.38-1.jpeg 1280w\" data-sizes=\"(max-width: 1024px) 100vw, 1024px\" src=\"data:image\/svg+xml;base64,PHN2ZyB3aWR0aD0iMSIgaGVpZ2h0PSIxIiB4bWxucz0iaHR0cDovL3d3dy53My5vcmcvMjAwMC9zdmciPjwvc3ZnPg==\" style=\"--smush-placeholder-width: 1024px; --smush-placeholder-aspect-ratio: 1024\/682;\" \/><\/figure>\n\n\n\n<figure class=\"wp-block-image size-large\"><img decoding=\"async\" width=\"1024\" height=\"682\" data-attachment-id=\"74877\" data-permalink=\"https:\/\/eldiariodesanpedro.com.ar\/sitio\/el-ministro-de-produccion-de-la-provincia-recorrio-el-puerto-local-y-empresas-locales-junto-al-intendente\/whatsapp-image-2020-06-02-at-20-37-39-1\/\" data-orig-file=\"https:\/\/eldiariodesanpedro.com.ar\/sitio\/wp-content\/uploads\/2020\/06\/WhatsApp-Image-2020-06-02-at-20.37.39-1.jpeg\" data-orig-size=\"1280,853\" data-comments-opened=\"1\" data-image-meta=\"{&quot;aperture&quot;:&quot;0&quot;,&quot;credit&quot;:&quot;&quot;,&quot;camera&quot;:&quot;&quot;,&quot;caption&quot;:&quot;&quot;,&quot;created_timestamp&quot;:&quot;0&quot;,&quot;copyright&quot;:&quot;&quot;,&quot;focal_length&quot;:&quot;0&quot;,&quot;iso&quot;:&quot;0&quot;,&quot;shutter_speed&quot;:&quot;0&quot;,&quot;title&quot;:&quot;&quot;,&quot;orientation&quot;:&quot;0&quot;}\" data-image-title=\"WhatsApp Image 2020-06-02 at 20.37.39 (1)\" data-image-description=\"\" data-image-caption=\"\" data-large-file=\"https:\/\/eldiariodesanpedro.com.ar\/sitio\/wp-content\/uploads\/2020\/06\/WhatsApp-Image-2020-06-02-at-20.37.39-1-1024x682.jpeg\" data-src=\"https:\/\/eldiariodesanpedro.com.ar\/sitio\/wp-content\/uploads\/2020\/06\/WhatsApp-Image-2020-06-02-at-20.37.39-1-1024x682.jpeg\" alt=\"\" class=\"wp-image-74877 lazyload\" data-srcset=\"https:\/\/eldiariodesanpedro.com.ar\/sitio\/wp-content\/uploads\/2020\/06\/WhatsApp-Image-2020-06-02-at-20.37.39-1-1024x682.jpeg 1024w, https:\/\/eldiariodesanpedro.com.ar\/sitio\/wp-content\/uploads\/2020\/06\/WhatsApp-Image-2020-06-02-at-20.37.39-1-300x200.jpeg 300w, https:\/\/eldiariodesanpedro.com.ar\/sitio\/wp-content\/uploads\/2020\/06\/WhatsApp-Image-2020-06-02-at-20.37.39-1-768x512.jpeg 768w, https:\/\/eldiariodesanpedro.com.ar\/sitio\/wp-content\/uploads\/2020\/06\/WhatsApp-Image-2020-06-02-at-20.37.39-1.jpeg 1280w\" data-sizes=\"(max-width: 1024px) 100vw, 1024px\" src=\"data:image\/svg+xml;base64,PHN2ZyB3aWR0aD0iMSIgaGVpZ2h0PSIxIiB4bWxucz0iaHR0cDovL3d3dy53My5vcmcvMjAwMC9zdmciPjwvc3ZnPg==\" style=\"--smush-placeholder-width: 1024px; --smush-placeholder-aspect-ratio: 1024\/682;\" \/><\/figure>\n\n\n\n<figure class=\"wp-block-image size-large\"><img decoding=\"async\" width=\"1024\" height=\"753\" data-attachment-id=\"74878\" data-permalink=\"https:\/\/eldiariodesanpedro.com.ar\/sitio\/el-ministro-de-produccion-de-la-provincia-recorrio-el-puerto-local-y-empresas-locales-junto-al-intendente\/whatsapp-image-2020-06-02-at-20-37-39\/\" data-orig-file=\"https:\/\/eldiariodesanpedro.com.ar\/sitio\/wp-content\/uploads\/2020\/06\/WhatsApp-Image-2020-06-02-at-20.37.39.jpeg\" data-orig-size=\"1280,941\" data-comments-opened=\"1\" data-image-meta=\"{&quot;aperture&quot;:&quot;0&quot;,&quot;credit&quot;:&quot;&quot;,&quot;camera&quot;:&quot;&quot;,&quot;caption&quot;:&quot;&quot;,&quot;created_timestamp&quot;:&quot;0&quot;,&quot;copyright&quot;:&quot;&quot;,&quot;focal_length&quot;:&quot;0&quot;,&quot;iso&quot;:&quot;0&quot;,&quot;shutter_speed&quot;:&quot;0&quot;,&quot;title&quot;:&quot;&quot;,&quot;orientation&quot;:&quot;0&quot;}\" data-image-title=\"WhatsApp Image 2020-06-02 at 20.37.39\" data-image-description=\"\" data-image-caption=\"\" data-large-file=\"https:\/\/eldiariodesanpedro.com.ar\/sitio\/wp-content\/uploads\/2020\/06\/WhatsApp-Image-2020-06-02-at-20.37.39-1024x753.jpeg\" data-src=\"https:\/\/eldiariodesanpedro.com.ar\/sitio\/wp-content\/uploads\/2020\/06\/WhatsApp-Image-2020-06-02-at-20.37.39-1024x753.jpeg\" alt=\"\" class=\"wp-image-74878 lazyload\" data-srcset=\"https:\/\/eldiariodesanpedro.com.ar\/sitio\/wp-content\/uploads\/2020\/06\/WhatsApp-Image-2020-06-02-at-20.37.39-1024x753.jpeg 1024w, https:\/\/eldiariodesanpedro.com.ar\/sitio\/wp-content\/uploads\/2020\/06\/WhatsApp-Image-2020-06-02-at-20.37.39-300x221.jpeg 300w, https:\/\/eldiariodesanpedro.com.ar\/sitio\/wp-content\/uploads\/2020\/06\/WhatsApp-Image-2020-06-02-at-20.37.39-768x565.jpeg 768w, https:\/\/eldiariodesanpedro.com.ar\/sitio\/wp-content\/uploads\/2020\/06\/WhatsApp-Image-2020-06-02-at-20.37.39.jpeg 1280w\" data-sizes=\"(max-width: 1024px) 100vw, 1024px\" src=\"data:image\/svg+xml;base64,PHN2ZyB3aWR0aD0iMSIgaGVpZ2h0PSIxIiB4bWxucz0iaHR0cDovL3d3dy53My5vcmcvMjAwMC9zdmciPjwvc3ZnPg==\" style=\"--smush-placeholder-width: 1024px; --smush-placeholder-aspect-ratio: 1024\/753;\" \/><\/figure>\n","protected":false},"excerpt":{"rendered":"<p>El Ministro Costa y el Subsecretario Lucero, recorrieron el lugar y anticiparon que se profundizar\u00e1 el an\u00e1lisis de esta propuesta, para una inversi\u00f3n que proyecta la ampliaci\u00f3n de la infraestructura portuaria para la exportaci\u00f3n de granos. Acompa\u00f1ado por el Intendente Cecilio Salazar, los secretarios de Coordinaci\u00f3n Ram\u00f3n Salazar, de Gobierno Silvio Corti y de Desarrollo [&hellip;]<\/p>\n","protected":false},"author":4,"featured_media":74876,"comment_status":"open","ping_status":"closed","sticky":false,"template":"","format":"standard","meta":{"om_disable_all_campaigns":false,"_jetpack_memberships_contains_paid_content":false,"footnotes":""},"categories":[50,101,2],"tags":[],"class_list":["post-74874","post","type-post","status-publish","format-standard","has-post-thumbnail","hentry","category-destacadas","category-interes-general-locales","category-locales"],"aioseo_notices":[],"gutentor_comment":0,"jetpack_featured_media_url":"https:\/\/eldiariodesanpedro.com.ar\/sitio\/wp-content\/uploads\/2020\/06\/WhatsApp-Image-2020-06-02-at-20.37.38.jpeg","jetpack_shortlink":"https:\/\/wp.me\/p6RhLt-jtE","jetpack_sharing_enabled":true,"_links":{"self":[{"href":"https:\/\/eldiariodesanpedro.com.ar\/sitio\/wp-json\/wp\/v2\/posts\/74874","targetHints":{"allow":["GET"]}}],"collection":[{"href":"https:\/\/eldiariodesanpedro.com.ar\/sitio\/wp-json\/wp\/v2\/posts"}],"about":[{"href":"https:\/\/eldiariodesanpedro.com.ar\/sitio\/wp-json\/wp\/v2\/types\/post"}],"author":[{"embeddable":true,"href":"https:\/\/eldiariodesanpedro.com.ar\/sitio\/wp-json\/wp\/v2\/users\/4"}],"replies":[{"embeddable":true,"href":"https:\/\/eldiariodesanpedro.com.ar\/sitio\/wp-json\/wp\/v2\/comments?post=74874"}],"version-history":[{"count":2,"href":"https:\/\/eldiariodesanpedro.com.ar\/sitio\/wp-json\/wp\/v2\/posts\/74874\/revisions"}],"predecessor-version":[{"id":74880,"href":"https:\/\/eldiariodesanpedro.com.ar\/sitio\/wp-json\/wp\/v2\/posts\/74874\/revisions\/74880"}],"wp:featuredmedia":[{"embeddable":true,"href":"https:\/\/eldiariodesanpedro.com.ar\/sitio\/wp-json\/wp\/v2\/media\/74876"}],"wp:attachment":[{"href":"https:\/\/eldiariodesanpedro.com.ar\/sitio\/wp-json\/wp\/v2\/media?parent=74874"}],"wp:term":[{"taxonomy":"category","embeddable":true,"href":"https:\/\/eldiariodesanpedro.com.ar\/sitio\/wp-json\/wp\/v2\/categories?post=74874"},{"taxonomy":"post_tag","embeddable":true,"href":"https:\/\/eldiariodesanpedro.com.ar\/sitio\/wp-json\/wp\/v2\/tags?post=74874"}],"curies":[{"name":"wp","href":"https:\/\/api.w.org\/{rel}","templated":true}]}}