{"id":74860,"date":"2020-06-02T20:33:15","date_gmt":"2020-06-02T23:33:15","guid":{"rendered":"https:\/\/eldiariodesanpedro.com.ar\/sitio\/?p=74860"},"modified":"2020-06-02T20:33:17","modified_gmt":"2020-06-02T23:33:17","slug":"la-multisectorial-emitio-un-comunicado-por-el-acusado-de-abuso-sexual-claudio-sarlo","status":"publish","type":"post","link":"https:\/\/eldiariodesanpedro.com.ar\/sitio\/la-multisectorial-emitio-un-comunicado-por-el-acusado-de-abuso-sexual-claudio-sarlo\/","title":{"rendered":"La multisectorial emiti\u00f3 un comunicado por el acusado de abuso sexual Claudio Sarlo"},"content":{"rendered":"<!-- VideographyWP Plugin Message: Automatic video embedding prevented by plugin options. -->\n\n<p>Tras la designaci\u00f3n del Comisario retirado Claudio Sarlo como colaborador ad honoren en la localidad de Santa Lucia<\/p>\n\n\n\n<p>La Multisectorial de Mujeres de San Pedro repudia la designaci\u00f3n como \u00abcolaborador\u00bb de la Municipalidad de San Pedro al Comisario retirado Claudio Sarlo, imputado por \u00ababuso sexual gravemente ultrajante\u00bb, denunciado por su sobrina y v\u00edctima, Bel\u00e9n L\u00f3pez Peir\u00f3 ante la Justicia en 2014 y cuya causa fue elevada a juicio en 2018, considerando el tribunal interviniente que hab\u00eda elementos suficientes para esta instancia judicial.<br>Exigimos que las personas que enfrentan un proceso judicial por un hecho grav\u00edsimo como el imputado no puedan desempe\u00f1ar cargos en la Municipalidad, ni a\u00fan como colaboradores externos ad honorem, hasta tanto se resuelva su situaci\u00f3n procesal. Exigimos adem\u00e1s a la Justicia la pronta concreci\u00f3n del juicio oral que desde hace m\u00e1s de dos a\u00f1os espera por la fecha de inicio, ya que con las postergaciones y dilaciones no hacen m\u00e1s que revictimizar a la denunciante.<\/p>\n\n\n\n<figure class=\"wp-block-image size-large\"><img decoding=\"async\" width=\"480\" height=\"640\" data-attachment-id=\"74861\" data-permalink=\"https:\/\/eldiariodesanpedro.com.ar\/sitio\/la-multisectorial-emitio-un-comunicado-por-el-acusado-de-abuso-sexual-claudio-sarlo\/por-que-volvias-cada-verano-lopez-peiro-en-villa-urquiza-d_nq_np_606938-mla27491594230_062018-f\/\" data-orig-file=\"https:\/\/eldiariodesanpedro.com.ar\/sitio\/wp-content\/uploads\/2020\/06\/por-que-volvias-cada-verano-lopez-peiro-en-villa-urquiza-D_NQ_NP_606938-MLA27491594230_062018-F.jpg\" data-orig-size=\"480,640\" data-comments-opened=\"1\" data-image-meta=\"{&quot;aperture&quot;:&quot;0&quot;,&quot;credit&quot;:&quot;&quot;,&quot;camera&quot;:&quot;&quot;,&quot;caption&quot;:&quot;&quot;,&quot;created_timestamp&quot;:&quot;0&quot;,&quot;copyright&quot;:&quot;&quot;,&quot;focal_length&quot;:&quot;0&quot;,&quot;iso&quot;:&quot;0&quot;,&quot;shutter_speed&quot;:&quot;0&quot;,&quot;title&quot;:&quot;&quot;,&quot;orientation&quot;:&quot;0&quot;}\" data-image-title=\"por-que-volvias-cada-verano-lopez-peiro-en-villa-urquiza-D_NQ_NP_606938-MLA27491594230_062018-F\" data-image-description=\"\" data-image-caption=\"\" data-large-file=\"https:\/\/eldiariodesanpedro.com.ar\/sitio\/wp-content\/uploads\/2020\/06\/por-que-volvias-cada-verano-lopez-peiro-en-villa-urquiza-D_NQ_NP_606938-MLA27491594230_062018-F.jpg\" data-src=\"https:\/\/eldiariodesanpedro.com.ar\/sitio\/wp-content\/uploads\/2020\/06\/por-que-volvias-cada-verano-lopez-peiro-en-villa-urquiza-D_NQ_NP_606938-MLA27491594230_062018-F.jpg\" alt=\"\" class=\"wp-image-74861 lazyload\" data-srcset=\"https:\/\/eldiariodesanpedro.com.ar\/sitio\/wp-content\/uploads\/2020\/06\/por-que-volvias-cada-verano-lopez-peiro-en-villa-urquiza-D_NQ_NP_606938-MLA27491594230_062018-F.jpg 480w, https:\/\/eldiariodesanpedro.com.ar\/sitio\/wp-content\/uploads\/2020\/06\/por-que-volvias-cada-verano-lopez-peiro-en-villa-urquiza-D_NQ_NP_606938-MLA27491594230_062018-F-225x300.jpg 225w\" data-sizes=\"(max-width: 480px) 100vw, 480px\" src=\"data:image\/svg+xml;base64,PHN2ZyB3aWR0aD0iMSIgaGVpZ2h0PSIxIiB4bWxucz0iaHR0cDovL3d3dy53My5vcmcvMjAwMC9zdmciPjwvc3ZnPg==\" style=\"--smush-placeholder-width: 480px; --smush-placeholder-aspect-ratio: 480\/640;\" \/><\/figure>\n","protected":false},"excerpt":{"rendered":"<p>Tras la designaci\u00f3n del Comisario retirado Claudio Sarlo como colaborador ad honoren en la localidad de Santa Lucia La Multisectorial de Mujeres de San Pedro repudia la designaci\u00f3n como \u00abcolaborador\u00bb de la Municipalidad de San Pedro al Comisario retirado Claudio Sarlo, imputado por \u00ababuso sexual gravemente ultrajante\u00bb, denunciado por su sobrina y v\u00edctima, Bel\u00e9n L\u00f3pez [&hellip;]<\/p>\n","protected":false},"author":4,"featured_media":74862,"comment_status":"open","ping_status":"closed","sticky":false,"template":"","format":"standard","meta":{"om_disable_all_campaigns":false,"_jetpack_memberships_contains_paid_content":false,"footnotes":""},"categories":[101,2],"tags":[197,696],"class_list":["post-74860","post","type-post","status-publish","format-standard","has-post-thumbnail","hentry","category-interes-general-locales","category-locales","tag-buenos-aires","tag-interes-general"],"aioseo_notices":[],"gutentor_comment":0,"jetpack_featured_media_url":"https:\/\/eldiariodesanpedro.com.ar\/sitio\/wp-content\/uploads\/2020\/06\/Sin-t\u00edtulo-2.png","jetpack_shortlink":"https:\/\/wp.me\/p6RhLt-jtq","jetpack_sharing_enabled":true,"_links":{"self":[{"href":"https:\/\/eldiariodesanpedro.com.ar\/sitio\/wp-json\/wp\/v2\/posts\/74860","targetHints":{"allow":["GET"]}}],"collection":[{"href":"https:\/\/eldiariodesanpedro.com.ar\/sitio\/wp-json\/wp\/v2\/posts"}],"about":[{"href":"https:\/\/eldiariodesanpedro.com.ar\/sitio\/wp-json\/wp\/v2\/types\/post"}],"author":[{"embeddable":true,"href":"https:\/\/eldiariodesanpedro.com.ar\/sitio\/wp-json\/wp\/v2\/users\/4"}],"replies":[{"embeddable":true,"href":"https:\/\/eldiariodesanpedro.com.ar\/sitio\/wp-json\/wp\/v2\/comments?post=74860"}],"version-history":[{"count":1,"href":"https:\/\/eldiariodesanpedro.com.ar\/sitio\/wp-json\/wp\/v2\/posts\/74860\/revisions"}],"predecessor-version":[{"id":74863,"href":"https:\/\/eldiariodesanpedro.com.ar\/sitio\/wp-json\/wp\/v2\/posts\/74860\/revisions\/74863"}],"wp:featuredmedia":[{"embeddable":true,"href":"https:\/\/eldiariodesanpedro.com.ar\/sitio\/wp-json\/wp\/v2\/media\/74862"}],"wp:attachment":[{"href":"https:\/\/eldiariodesanpedro.com.ar\/sitio\/wp-json\/wp\/v2\/media?parent=74860"}],"wp:term":[{"taxonomy":"category","embeddable":true,"href":"https:\/\/eldiariodesanpedro.com.ar\/sitio\/wp-json\/wp\/v2\/categories?post=74860"},{"taxonomy":"post_tag","embeddable":true,"href":"https:\/\/eldiariodesanpedro.com.ar\/sitio\/wp-json\/wp\/v2\/tags?post=74860"}],"curies":[{"name":"wp","href":"https:\/\/api.w.org\/{rel}","templated":true}]}}