{"id":74858,"date":"2020-06-02T20:15:43","date_gmt":"2020-06-02T23:15:43","guid":{"rendered":"https:\/\/eldiariodesanpedro.com.ar\/sitio\/?p=74858"},"modified":"2020-06-02T20:15:48","modified_gmt":"2020-06-02T23:15:48","slug":"coronavirus-actualizacion-de-informacion-oficial-de-la-secretaria-de-salud","status":"publish","type":"post","link":"https:\/\/eldiariodesanpedro.com.ar\/sitio\/coronavirus-actualizacion-de-informacion-oficial-de-la-secretaria-de-salud\/","title":{"rendered":"Coronavirus: Actualizaci\u00f3n de informaci\u00f3n oficial de la Secretar\u00eda de Salud"},"content":{"rendered":"<!-- VideographyWP Plugin Message: Automatic video embedding prevented by plugin options. -->\n\n<p>En el d\u00eda de hoy se enviaron 6 muestras de pacientes con criterios para ser examinados. Cinco mujeres de 23, 37, 44, 45 y 83 a\u00f1os y un hombre de 77.<\/p>\n\n\n\n<p>Adem\u00e1s est\u00e1n en proceso nuevos testeos relacionados con quienes han tenido contacto con el m\u00e9dico de la ciudad de Z\u00e1rate que dio positivo y trabaj\u00f3 en el Hospital hasta el pasado 28 de Mayo.<\/p>\n\n\n\n<p>En el d\u00eda de hoy llegaron con RESULTADO NEGATIVO las 4 muestras enviadas el pasado domingo.<\/p>\n\n\n\n<p>El recuento total de personas aisladas por contactos estrechos se est\u00e1 realizando y se brindar\u00e1 la informaci\u00f3n actualizada en el d\u00eda de ma\u00f1ana.<\/p>\n\n\n\n<p>La Secretar\u00eda de Salud de la Municipalidad de San Pedro informa las novedades locales relacionadas con el seguimiento de la Pandemia de Coronavirus.<\/p>\n\n\n\n<p>Nuevas muestras enviadas: 6<br>Muestras Pendientes: 6<br>Nuevas muestras negativas: 4<br>Nuevos Casos Positivos: 0<br>Total de muestras negativas: 140<\/p>\n\n\n\n<p>Se recuerda que, ante s\u00edntomas de tos seca, fiebre y dolor de garganta y la probabilidad de haber estado en contacto con enfermos o viajeros llegados desde las zonas transmisi\u00f3n local o comunitaria se puede llamar al 148 o 107.<\/p>\n","protected":false},"excerpt":{"rendered":"<p>En el d\u00eda de hoy se enviaron 6 muestras de pacientes con criterios para ser examinados. Cinco mujeres de 23, 37, 44, 45 y 83 a\u00f1os y un hombre de 77. Adem\u00e1s est\u00e1n en proceso nuevos testeos relacionados con quienes han tenido contacto con el m\u00e9dico de la ciudad de Z\u00e1rate que dio positivo y [&hellip;]<\/p>\n","protected":false},"author":4,"featured_media":72655,"comment_status":"open","ping_status":"closed","sticky":false,"template":"","format":"standard","meta":{"om_disable_all_campaigns":false,"_jetpack_memberships_contains_paid_content":false,"footnotes":""},"categories":[50,101,2],"tags":[197,808,19],"class_list":["post-74858","post","type-post","status-publish","format-standard","has-post-thumbnail","hentry","category-destacadas","category-interes-general-locales","category-locales","tag-buenos-aires","tag-coronavirus","tag-san-pedro"],"aioseo_notices":[],"gutentor_comment":0,"jetpack_featured_media_url":"https:\/\/eldiariodesanpedro.com.ar\/sitio\/wp-content\/uploads\/2020\/04\/COVID-resultado-negativo-757x510-2.jpg","jetpack_shortlink":"https:\/\/wp.me\/p6RhLt-jto","jetpack_sharing_enabled":true,"_links":{"self":[{"href":"https:\/\/eldiariodesanpedro.com.ar\/sitio\/wp-json\/wp\/v2\/posts\/74858","targetHints":{"allow":["GET"]}}],"collection":[{"href":"https:\/\/eldiariodesanpedro.com.ar\/sitio\/wp-json\/wp\/v2\/posts"}],"about":[{"href":"https:\/\/eldiariodesanpedro.com.ar\/sitio\/wp-json\/wp\/v2\/types\/post"}],"author":[{"embeddable":true,"href":"https:\/\/eldiariodesanpedro.com.ar\/sitio\/wp-json\/wp\/v2\/users\/4"}],"replies":[{"embeddable":true,"href":"https:\/\/eldiariodesanpedro.com.ar\/sitio\/wp-json\/wp\/v2\/comments?post=74858"}],"version-history":[{"count":1,"href":"https:\/\/eldiariodesanpedro.com.ar\/sitio\/wp-json\/wp\/v2\/posts\/74858\/revisions"}],"predecessor-version":[{"id":74859,"href":"https:\/\/eldiariodesanpedro.com.ar\/sitio\/wp-json\/wp\/v2\/posts\/74858\/revisions\/74859"}],"wp:featuredmedia":[{"embeddable":true,"href":"https:\/\/eldiariodesanpedro.com.ar\/sitio\/wp-json\/wp\/v2\/media\/72655"}],"wp:attachment":[{"href":"https:\/\/eldiariodesanpedro.com.ar\/sitio\/wp-json\/wp\/v2\/media?parent=74858"}],"wp:term":[{"taxonomy":"category","embeddable":true,"href":"https:\/\/eldiariodesanpedro.com.ar\/sitio\/wp-json\/wp\/v2\/categories?post=74858"},{"taxonomy":"post_tag","embeddable":true,"href":"https:\/\/eldiariodesanpedro.com.ar\/sitio\/wp-json\/wp\/v2\/tags?post=74858"}],"curies":[{"name":"wp","href":"https:\/\/api.w.org\/{rel}","templated":true}]}}