{"id":74855,"date":"2020-06-02T20:10:18","date_gmt":"2020-06-02T23:10:18","guid":{"rendered":"https:\/\/eldiariodesanpedro.com.ar\/sitio\/?p=74855"},"modified":"2020-06-02T20:10:20","modified_gmt":"2020-06-02T23:10:20","slug":"zarate-denuncia-por-abuso-sexual-contra-el-subsecretario-de-seguridad-marcelo-heinz","status":"publish","type":"post","link":"https:\/\/eldiariodesanpedro.com.ar\/sitio\/zarate-denuncia-por-abuso-sexual-contra-el-subsecretario-de-seguridad-marcelo-heinz\/","title":{"rendered":"Z\u00c1RATE | Denuncia por abuso sexual contra el Subsecretario de Seguridad, Marcelo Heinz"},"content":{"rendered":"<!-- VideographyWP Plugin Message: Automatic video embedding prevented by plugin options. -->\n\n<p>En comunicaci\u00f3n con Gabriel D\u2019Elia se encuentra Mat\u00edas Torres, periodista de la vecina localidad de Zarate.<\/p>\n\n\n\n<p>Nos cuenta sobre una denuncia de abuso sexual al subsecretario de Seguridad de su localidad, Marcelo Heinz:&nbsp;<em>\u201cHay una grave denuncia de el Secretario de Seguridad hacia una empleada. Esto comenz\u00f3 a circular el d\u00eda Mi\u00e9rcoles a trav\u00e9s de redes sociales y mensajes de Whatsapp.<\/em><\/p>\n\n\n\n<p><em>La denuncia fue radicada por la empleada de inspecci\u00f3n de comercio de la Municipalidad de Zarate, que dice haber sido abusada por el funcionario, qui\u00e9n en represalia decide suspenderla de su lugar de trabajo.<\/em><\/p>\n\n\n\n<p><em>Al momento del abuso la mujer se encontraba en la oficina del \u00e1rea de comercio, cuando Heinz ingresa y le apoya su miembro sobre los gl\u00fateos de la v\u00edctima. A lo que sigue relatando la mujer, unos d\u00edas despu\u00e9s recibe una sanci\u00f3n disciplinaria por parte de Heinz debido a un mal desempe\u00f1o laboral y no haber acatado las \u00f3rdenes de un superior\u201d.<\/em>Por otro lado, el d\u00eda Jueves se dio el primer caso de COVID-19 en la planta de Toyota:\u00a0<em>\u201cEl d\u00eda jueves un trabajador dio positivo por COVID-19. Primero la noticia sali\u00f3 por redes sociales y Whatsapp. Es un operario del sector de motores, qui\u00e9n actualmente se encuentra aislado en su domicilio.Afortunadamente, al ser un paciente asintom\u00e1tico pudo detectarse su enfermedad a partir de los testeos diarios que la empresa realiza\u201d.<\/em><\/p>\n\n\n\n<p>Fuente: <a href=\"https:\/\/www.baraderohoy.com\/2020\/06\/01\/denuncia-por-abuso-sexual-contra-el-subsecretario-de-seguridad-de-zarate-marcelo-heinz\/\">Baradero Hoy<\/a><\/p>\n","protected":false},"excerpt":{"rendered":"<p>En comunicaci\u00f3n con Gabriel D\u2019Elia se encuentra Mat\u00edas Torres, periodista de la vecina localidad de Zarate. Nos cuenta sobre una denuncia de abuso sexual al subsecretario de Seguridad de su localidad, Marcelo Heinz:&nbsp;\u201cHay una grave denuncia de el Secretario de Seguridad hacia una empleada. Esto comenz\u00f3 a circular el d\u00eda Mi\u00e9rcoles a trav\u00e9s de redes [&hellip;]<\/p>\n","protected":false},"author":4,"featured_media":74856,"comment_status":"open","ping_status":"closed","sticky":false,"template":"","format":"standard","meta":{"om_disable_all_campaigns":false,"_jetpack_memberships_contains_paid_content":false,"footnotes":""},"categories":[621],"tags":[197,681,707],"class_list":["post-74855","post","type-post","status-publish","format-standard","has-post-thumbnail","hentry","category-regionales","tag-buenos-aires","tag-regionales","tag-zarate"],"aioseo_notices":[],"gutentor_comment":0,"jetpack_featured_media_url":"https:\/\/eldiariodesanpedro.com.ar\/sitio\/wp-content\/uploads\/2020\/06\/zarate.jpg","jetpack_shortlink":"https:\/\/wp.me\/p6RhLt-jtl","jetpack_sharing_enabled":true,"_links":{"self":[{"href":"https:\/\/eldiariodesanpedro.com.ar\/sitio\/wp-json\/wp\/v2\/posts\/74855","targetHints":{"allow":["GET"]}}],"collection":[{"href":"https:\/\/eldiariodesanpedro.com.ar\/sitio\/wp-json\/wp\/v2\/posts"}],"about":[{"href":"https:\/\/eldiariodesanpedro.com.ar\/sitio\/wp-json\/wp\/v2\/types\/post"}],"author":[{"embeddable":true,"href":"https:\/\/eldiariodesanpedro.com.ar\/sitio\/wp-json\/wp\/v2\/users\/4"}],"replies":[{"embeddable":true,"href":"https:\/\/eldiariodesanpedro.com.ar\/sitio\/wp-json\/wp\/v2\/comments?post=74855"}],"version-history":[{"count":1,"href":"https:\/\/eldiariodesanpedro.com.ar\/sitio\/wp-json\/wp\/v2\/posts\/74855\/revisions"}],"predecessor-version":[{"id":74857,"href":"https:\/\/eldiariodesanpedro.com.ar\/sitio\/wp-json\/wp\/v2\/posts\/74855\/revisions\/74857"}],"wp:featuredmedia":[{"embeddable":true,"href":"https:\/\/eldiariodesanpedro.com.ar\/sitio\/wp-json\/wp\/v2\/media\/74856"}],"wp:attachment":[{"href":"https:\/\/eldiariodesanpedro.com.ar\/sitio\/wp-json\/wp\/v2\/media?parent=74855"}],"wp:term":[{"taxonomy":"category","embeddable":true,"href":"https:\/\/eldiariodesanpedro.com.ar\/sitio\/wp-json\/wp\/v2\/categories?post=74855"},{"taxonomy":"post_tag","embeddable":true,"href":"https:\/\/eldiariodesanpedro.com.ar\/sitio\/wp-json\/wp\/v2\/tags?post=74855"}],"curies":[{"name":"wp","href":"https:\/\/api.w.org\/{rel}","templated":true}]}}