{"id":74853,"date":"2020-06-02T20:06:46","date_gmt":"2020-06-02T23:06:46","guid":{"rendered":"https:\/\/eldiariodesanpedro.com.ar\/sitio\/?p=74853"},"modified":"2020-06-02T20:06:48","modified_gmt":"2020-06-02T23:06:48","slug":"esta-medianoche-se-levanta-el-paro-de-colectivos-en-todo-el-pais-luego-de-acuerdo-salarial-final","status":"publish","type":"post","link":"https:\/\/eldiariodesanpedro.com.ar\/sitio\/esta-medianoche-se-levanta-el-paro-de-colectivos-en-todo-el-pais-luego-de-acuerdo-salarial-final\/","title":{"rendered":"Esta medianoche se levanta el paro de colectivos en todo el pa\u00eds, luego de acuerdo salarial final"},"content":{"rendered":"<!-- VideographyWP Plugin Message: Automatic video embedding prevented by plugin options. -->\n\n<p>A excepci\u00f3n de Tucum\u00e1n, Chaco y San Juan, que ya hab\u00edan convenido con las c\u00e1maras el pago de haberes, el resto de las provincias en huelga levantar\u00e1n la protesta luego del acuerdo de inmediato cobro.<\/p>\n\n\n\n<p>La Uni\u00f3n Tranviarios Automotor (UTA) levantar\u00e1 desde la medianoche el paro de \u00f3mnibus que en algunas provincias llevaba varias semanas en reclamo del pago de salarios adeudados, luego de un acuerdo entre el gremio, la c\u00e1mara patronal y los funcionarios de Trabajo y Transporte, informaron a T\u00e9lam fuentes sindicales.<\/p>\n\n\n\n<p>A excepci\u00f3n de Tucum\u00e1n, Chaco y San Juan, que ya hab\u00edan convenido con las c\u00e1maras el pago de haberes, el resto de las provincias en huelga levantar\u00e1n la protesta esta medianoche luego del acuerdo de inmediato cobro.<\/p>\n\n\n\n<p>Fuente: <a href=\"http:\/\/telam.com.ar\/notas\/202006\/471474-uta-transporte-paro-provincias.html\">Telam<\/a><\/p>\n","protected":false},"excerpt":{"rendered":"<p>A excepci\u00f3n de Tucum\u00e1n, Chaco y San Juan, que ya hab\u00edan convenido con las c\u00e1maras el pago de haberes, el resto de las provincias en huelga levantar\u00e1n la protesta luego del acuerdo de inmediato cobro. La Uni\u00f3n Tranviarios Automotor (UTA) levantar\u00e1 desde la medianoche el paro de \u00f3mnibus que en algunas provincias llevaba varias semanas [&hellip;]<\/p>\n","protected":false},"author":4,"featured_media":74234,"comment_status":"open","ping_status":"closed","sticky":false,"template":"","format":"standard","meta":{"om_disable_all_campaigns":false,"_jetpack_memberships_contains_paid_content":false,"footnotes":""},"categories":[101,2],"tags":[],"class_list":["post-74853","post","type-post","status-publish","format-standard","has-post-thumbnail","hentry","category-interes-general-locales","category-locales"],"aioseo_notices":[],"gutentor_comment":0,"jetpack_featured_media_url":"https:\/\/eldiariodesanpedro.com.ar\/sitio\/wp-content\/uploads\/2020\/05\/no_uarsobgunm6ihw1cole.jpg","jetpack_shortlink":"https:\/\/wp.me\/p6RhLt-jtj","jetpack_sharing_enabled":true,"_links":{"self":[{"href":"https:\/\/eldiariodesanpedro.com.ar\/sitio\/wp-json\/wp\/v2\/posts\/74853","targetHints":{"allow":["GET"]}}],"collection":[{"href":"https:\/\/eldiariodesanpedro.com.ar\/sitio\/wp-json\/wp\/v2\/posts"}],"about":[{"href":"https:\/\/eldiariodesanpedro.com.ar\/sitio\/wp-json\/wp\/v2\/types\/post"}],"author":[{"embeddable":true,"href":"https:\/\/eldiariodesanpedro.com.ar\/sitio\/wp-json\/wp\/v2\/users\/4"}],"replies":[{"embeddable":true,"href":"https:\/\/eldiariodesanpedro.com.ar\/sitio\/wp-json\/wp\/v2\/comments?post=74853"}],"version-history":[{"count":1,"href":"https:\/\/eldiariodesanpedro.com.ar\/sitio\/wp-json\/wp\/v2\/posts\/74853\/revisions"}],"predecessor-version":[{"id":74854,"href":"https:\/\/eldiariodesanpedro.com.ar\/sitio\/wp-json\/wp\/v2\/posts\/74853\/revisions\/74854"}],"wp:featuredmedia":[{"embeddable":true,"href":"https:\/\/eldiariodesanpedro.com.ar\/sitio\/wp-json\/wp\/v2\/media\/74234"}],"wp:attachment":[{"href":"https:\/\/eldiariodesanpedro.com.ar\/sitio\/wp-json\/wp\/v2\/media?parent=74853"}],"wp:term":[{"taxonomy":"category","embeddable":true,"href":"https:\/\/eldiariodesanpedro.com.ar\/sitio\/wp-json\/wp\/v2\/categories?post=74853"},{"taxonomy":"post_tag","embeddable":true,"href":"https:\/\/eldiariodesanpedro.com.ar\/sitio\/wp-json\/wp\/v2\/tags?post=74853"}],"curies":[{"name":"wp","href":"https:\/\/api.w.org\/{rel}","templated":true}]}}