{"id":7485,"date":"2016-08-25T12:10:25","date_gmt":"2016-08-25T15:10:25","guid":{"rendered":"https:\/\/eldiariodesanpedro.com.ar\/sitio\/?p=7485"},"modified":"2026-01-24T00:32:41","modified_gmt":"2026-01-24T03:32:41","slug":"nautico-estara-representado-en-tandil-y-mar-del-plata","status":"publish","type":"post","link":"https:\/\/eldiariodesanpedro.com.ar\/sitio\/nautico-estara-representado-en-tandil-y-mar-del-plata\/","title":{"rendered":"N\u00e1utico estar\u00e1 representado en Tandil y Mar del Plata"},"content":{"rendered":"<p><!-- VideographyWP Plugin Message: Automatic video embedding prevented by plugin options. --><br \/>\nEl hockey y voleibol del club N\u00e1utico est\u00e1n representados en torneos importantes. Desde el jueves 25 se juega en Tandil el Campeonato Regional Sub 16 en el que participan con la selecci\u00f3n de la Asociaci\u00f3n del Oeste, nuestras jugadoras Amparo L\u00f3pez, Camila Mascaro, Aldana Gorbar\u00e1n, Naomi Nakama, Catalina Casco y Valentina Ortiz. Por su parte el Sub 15 de voleibol femenino juega en Mar del Plata la tercera fase de la Liga Provincial de Voley<br \/>\n En AHO<br \/>\nN\u00e1utico recibi\u00f3 en la cancha del club Mitre, donde hace de local esta temporada, a Viajantes de Pergamino por la segunda fecha de la segunda ronda del torneo que organiza la Asociaci\u00f3n del Oeste.<br \/>\nEn s\u00e9ptima fue empate sin goles; en sexta gan\u00f3 N\u00e1utico 2 a 0 con goles de Naom\u00ed Nakama y Milagros Regueiro; En quinta 4 a 0 con tantos de Milagros Barcel\u00f3, Renata Ramognino, Nakama y Amparo L\u00f3pez; y en primera 3 a 1 goles de Valentina Gob\u00f3 en dos oportunidades y Mayra Brienza. El pr\u00f3ximo rival ser\u00e1 Sports de Salto como visitantes.<\/p>\n","protected":false},"excerpt":{"rendered":"<p>El hockey y voleibol del club N\u00e1utico est\u00e1n representados en torneos importantes. Desde el jueves 25 se juega en Tandil el Campeonato Regional Sub 16 en el que participan con la selecci\u00f3n de la Asociaci\u00f3n del Oeste, nuestras jugadoras Amparo L\u00f3pez, Camila Mascaro, Aldana Gorbar\u00e1n, Naomi Nakama, Catalina Casco y Valentina Ortiz. Por su parte [&hellip;]<\/p>\n","protected":false},"author":4,"featured_media":7486,"comment_status":"open","ping_status":"closed","sticky":false,"template":"","format":"standard","meta":{"om_disable_all_campaigns":false,"_jetpack_memberships_contains_paid_content":false,"footnotes":""},"categories":[5],"tags":[],"class_list":["post-7485","post","type-post","status-publish","format-standard","has-post-thumbnail","hentry","category-deportes"],"aioseo_notices":[],"gutentor_comment":0,"jetpack_featured_media_url":"https:\/\/eldiariodesanpedro.com.ar\/sitio\/wp-content\/uploads\/2016\/08\/hockey_2.jpg","jetpack_shortlink":"https:\/\/wp.me\/p6RhLt-1WJ","jetpack_sharing_enabled":true,"_links":{"self":[{"href":"https:\/\/eldiariodesanpedro.com.ar\/sitio\/wp-json\/wp\/v2\/posts\/7485","targetHints":{"allow":["GET"]}}],"collection":[{"href":"https:\/\/eldiariodesanpedro.com.ar\/sitio\/wp-json\/wp\/v2\/posts"}],"about":[{"href":"https:\/\/eldiariodesanpedro.com.ar\/sitio\/wp-json\/wp\/v2\/types\/post"}],"author":[{"embeddable":true,"href":"https:\/\/eldiariodesanpedro.com.ar\/sitio\/wp-json\/wp\/v2\/users\/4"}],"replies":[{"embeddable":true,"href":"https:\/\/eldiariodesanpedro.com.ar\/sitio\/wp-json\/wp\/v2\/comments?post=7485"}],"version-history":[{"count":1,"href":"https:\/\/eldiariodesanpedro.com.ar\/sitio\/wp-json\/wp\/v2\/posts\/7485\/revisions"}],"predecessor-version":[{"id":7487,"href":"https:\/\/eldiariodesanpedro.com.ar\/sitio\/wp-json\/wp\/v2\/posts\/7485\/revisions\/7487"}],"wp:featuredmedia":[{"embeddable":true,"href":"https:\/\/eldiariodesanpedro.com.ar\/sitio\/wp-json\/wp\/v2\/media\/7486"}],"wp:attachment":[{"href":"https:\/\/eldiariodesanpedro.com.ar\/sitio\/wp-json\/wp\/v2\/media?parent=7485"}],"wp:term":[{"taxonomy":"category","embeddable":true,"href":"https:\/\/eldiariodesanpedro.com.ar\/sitio\/wp-json\/wp\/v2\/categories?post=7485"},{"taxonomy":"post_tag","embeddable":true,"href":"https:\/\/eldiariodesanpedro.com.ar\/sitio\/wp-json\/wp\/v2\/tags?post=7485"}],"curies":[{"name":"wp","href":"https:\/\/api.w.org\/{rel}","templated":true}]}}