{"id":7482,"date":"2016-08-25T12:00:36","date_gmt":"2016-08-25T15:00:36","guid":{"rendered":"https:\/\/eldiariodesanpedro.com.ar\/sitio\/?p=7482"},"modified":"2026-01-24T00:32:41","modified_gmt":"2026-01-24T03:32:41","slug":"vuelta-de-obligado-el-mejor-en-moreno","status":"publish","type":"post","link":"https:\/\/eldiariodesanpedro.com.ar\/sitio\/vuelta-de-obligado-el-mejor-en-moreno\/","title":{"rendered":"Vuelta de Obligado el mejor en Moreno"},"content":{"rendered":"<p><!-- VideographyWP Plugin Message: Automatic video embedding prevented by plugin options. --><br \/>\nDurante el pasado fin de semana  la escuela de Pat\u00edn Carrera de Vuelta de Obligado se destac\u00f3 en Moreno con el t\u00edtulo de campe\u00f3n, luego de una descollante actuaci\u00f3n de sus alumnos. Detr\u00e1s de Vuelta de Obligado se ubic\u00f3 la escuela de San Pedro y tercero Paso del Rey. <\/p>\n","protected":false},"excerpt":{"rendered":"<p>Durante el pasado fin de semana la escuela de Pat\u00edn Carrera de Vuelta de Obligado se destac\u00f3 en Moreno con el t\u00edtulo de campe\u00f3n, luego de una descollante actuaci\u00f3n de sus alumnos. Detr\u00e1s de Vuelta de Obligado se ubic\u00f3 la escuela de San Pedro y tercero Paso del Rey.<\/p>\n","protected":false},"author":4,"featured_media":7483,"comment_status":"open","ping_status":"closed","sticky":false,"template":"","format":"standard","meta":{"om_disable_all_campaigns":false,"_jetpack_memberships_contains_paid_content":false,"footnotes":""},"categories":[5],"tags":[],"class_list":["post-7482","post","type-post","status-publish","format-standard","has-post-thumbnail","hentry","category-deportes"],"aioseo_notices":[],"gutentor_comment":0,"jetpack_featured_media_url":"https:\/\/eldiariodesanpedro.com.ar\/sitio\/wp-content\/uploads\/2016\/08\/patin-carrera-vuelta-de-obligado.jpg","jetpack_shortlink":"https:\/\/wp.me\/p6RhLt-1WG","jetpack_sharing_enabled":true,"_links":{"self":[{"href":"https:\/\/eldiariodesanpedro.com.ar\/sitio\/wp-json\/wp\/v2\/posts\/7482","targetHints":{"allow":["GET"]}}],"collection":[{"href":"https:\/\/eldiariodesanpedro.com.ar\/sitio\/wp-json\/wp\/v2\/posts"}],"about":[{"href":"https:\/\/eldiariodesanpedro.com.ar\/sitio\/wp-json\/wp\/v2\/types\/post"}],"author":[{"embeddable":true,"href":"https:\/\/eldiariodesanpedro.com.ar\/sitio\/wp-json\/wp\/v2\/users\/4"}],"replies":[{"embeddable":true,"href":"https:\/\/eldiariodesanpedro.com.ar\/sitio\/wp-json\/wp\/v2\/comments?post=7482"}],"version-history":[{"count":1,"href":"https:\/\/eldiariodesanpedro.com.ar\/sitio\/wp-json\/wp\/v2\/posts\/7482\/revisions"}],"predecessor-version":[{"id":7484,"href":"https:\/\/eldiariodesanpedro.com.ar\/sitio\/wp-json\/wp\/v2\/posts\/7482\/revisions\/7484"}],"wp:featuredmedia":[{"embeddable":true,"href":"https:\/\/eldiariodesanpedro.com.ar\/sitio\/wp-json\/wp\/v2\/media\/7483"}],"wp:attachment":[{"href":"https:\/\/eldiariodesanpedro.com.ar\/sitio\/wp-json\/wp\/v2\/media?parent=7482"}],"wp:term":[{"taxonomy":"category","embeddable":true,"href":"https:\/\/eldiariodesanpedro.com.ar\/sitio\/wp-json\/wp\/v2\/categories?post=7482"},{"taxonomy":"post_tag","embeddable":true,"href":"https:\/\/eldiariodesanpedro.com.ar\/sitio\/wp-json\/wp\/v2\/tags?post=7482"}],"curies":[{"name":"wp","href":"https:\/\/api.w.org\/{rel}","templated":true}]}}