{"id":74805,"date":"2020-06-02T18:19:26","date_gmt":"2020-06-02T21:19:26","guid":{"rendered":"https:\/\/eldiariodesanpedro.com.ar\/sitio\/?p=74805"},"modified":"2020-06-02T18:33:47","modified_gmt":"2020-06-02T21:33:47","slug":"el-diario-de-san-pedro-unico-medio-de-comunicacion-habilitado-para-publicaciones-judiciales-digitales-de-la-region","status":"publish","type":"post","link":"https:\/\/eldiariodesanpedro.com.ar\/sitio\/el-diario-de-san-pedro-unico-medio-de-comunicacion-habilitado-para-publicaciones-judiciales-digitales-de-la-region\/","title":{"rendered":"El Diario de San Pedro \u00fanico medio de comunicaci\u00f3n habilitado para \u00abPublicaciones Judiciales Digitales\u00bb de la regi\u00f3n"},"content":{"rendered":"<!-- VideographyWP Plugin Message: Automatic video embedding prevented by plugin options. -->\n\n<p>A partir de este 1\u00ba de Junio de 2020 tras varias presentaciones administrativas, el Diario de San Pedro pasa a ser el primer y \u00fanico medio de la Regi\u00f3n permitido para la publicaci\u00f3n de Edictos y Convocatorias Judiciales DIGITALES.<\/p>\n\n\n\n<p>Teniendo en cuenta todo lo sucedido a partir de la declaraci\u00f3n de la pandemia mundial del Coronavirus y el Aislamiento Social Obligatorio declarado por el Gobierno Nacional Argentino, la edici\u00f3n en papel que se realizaba peri\u00f3dicamente se dejo de imprimir a partir del d\u00eda 21 de Marzo de 2020 teniendo en cuenta que no se podr\u00eda producir la impresi\u00f3n y distribuci\u00f3n del mismo.<\/p>\n\n\n\n<p>Teniendo en cuenta ademas que desde ese d\u00eda los Juzgados dejaron de funcionar y los abogados dejaron de trabajar.<\/p>\n\n\n\n<p>Por lo que tras dos meses de tramites y un trabajo en conjunto con los Juzgados de Paz de Baradero y San Pedro hemos logrado ser uno de los primeros medios digitales autorizados para la publicaci\u00f3n de edictos y convocatorias legales de la provincia de Buenos Aires.<\/p>\n\n\n\n<p>Seg\u00fan el <a href=\"http:\/\/www.scba.gov.ar\/informacion\/diarios.asp\">Poder Judicial de la Provincia de Buenos Aires<\/a> como figura en su pagina web, somos el \u00fanico medio autorizado para<strong> el Departamento Judicial de San Nicol\u00e1<\/strong>s. <\/p>\n\n\n\n<figure class=\"wp-block-image size-large\"><img decoding=\"async\" width=\"1921\" height=\"1082\" data-attachment-id=\"74840\" data-permalink=\"https:\/\/eldiariodesanpedro.com.ar\/sitio\/el-diario-de-san-pedro-unico-medio-de-comunicacion-habilitado-para-publicaciones-judiciales-digitales-de-la-region\/sin-titulo-1-1\/\" data-orig-file=\"https:\/\/eldiariodesanpedro.com.ar\/sitio\/wp-content\/uploads\/2020\/06\/Sin-t\u00edtulo-1-1.png\" data-orig-size=\"1921,1082\" data-comments-opened=\"1\" data-image-meta=\"{&quot;aperture&quot;:&quot;0&quot;,&quot;credit&quot;:&quot;&quot;,&quot;camera&quot;:&quot;&quot;,&quot;caption&quot;:&quot;&quot;,&quot;created_timestamp&quot;:&quot;0&quot;,&quot;copyright&quot;:&quot;&quot;,&quot;focal_length&quot;:&quot;0&quot;,&quot;iso&quot;:&quot;0&quot;,&quot;shutter_speed&quot;:&quot;0&quot;,&quot;title&quot;:&quot;&quot;,&quot;orientation&quot;:&quot;0&quot;}\" data-image-title=\"Sin-t\u00edtulo-1-1\" data-image-description=\"\" data-image-caption=\"\" data-large-file=\"https:\/\/eldiariodesanpedro.com.ar\/sitio\/wp-content\/uploads\/2020\/06\/Sin-t\u00edtulo-1-1-1024x577.png\" data-src=\"https:\/\/i1.wp.com\/eldiariodesanpedro.com.ar\/sitio\/wp-content\/uploads\/2020\/06\/Sin-t\u00edtulo-1-1.png?fit=640%2C361\" alt=\"\" class=\"wp-image-74840 lazyload\" data-srcset=\"https:\/\/eldiariodesanpedro.com.ar\/sitio\/wp-content\/uploads\/2020\/06\/Sin-t\u00edtulo-1-1.png 1921w, https:\/\/eldiariodesanpedro.com.ar\/sitio\/wp-content\/uploads\/2020\/06\/Sin-t\u00edtulo-1-1-300x169.png 300w, https:\/\/eldiariodesanpedro.com.ar\/sitio\/wp-content\/uploads\/2020\/06\/Sin-t\u00edtulo-1-1-1024x577.png 1024w, https:\/\/eldiariodesanpedro.com.ar\/sitio\/wp-content\/uploads\/2020\/06\/Sin-t\u00edtulo-1-1-768x433.png 768w, https:\/\/eldiariodesanpedro.com.ar\/sitio\/wp-content\/uploads\/2020\/06\/Sin-t\u00edtulo-1-1-1536x865.png 1536w, https:\/\/eldiariodesanpedro.com.ar\/sitio\/wp-content\/uploads\/2020\/06\/Sin-t\u00edtulo-1-1-800x450.png 800w\" data-sizes=\"(max-width: 1921px) 100vw, 1921px\" src=\"data:image\/svg+xml;base64,PHN2ZyB3aWR0aD0iMSIgaGVpZ2h0PSIxIiB4bWxucz0iaHR0cDovL3d3dy53My5vcmcvMjAwMC9zdmciPjwvc3ZnPg==\" style=\"--smush-placeholder-width: 1921px; --smush-placeholder-aspect-ratio: 1921\/1082;\" \/><\/figure>\n\n\n\n<p>Gracias a esta aprobaci\u00f3n cualquier tipo de edicto, solicitada o convocatoria publica de las Asociaciones de nuestra ciudad tienen valides para ser presentados frente al Poder Judicial  <\/p>\n","protected":false},"excerpt":{"rendered":"<p>A partir de este 1\u00ba de Junio de 2020 tras varias presentaciones administrativas, el Diario de San Pedro pasa a ser el primer y \u00fanico medio de la Regi\u00f3n permitido para la publicaci\u00f3n de Edictos y Convocatorias Judiciales DIGITALES. Teniendo en cuenta todo lo sucedido a partir de la declaraci\u00f3n de la pandemia mundial del [&hellip;]<\/p>\n","protected":false},"author":4,"featured_media":74841,"comment_status":"open","ping_status":"closed","sticky":false,"template":"","format":"standard","meta":{"om_disable_all_campaigns":false,"_jetpack_memberships_contains_paid_content":false,"footnotes":""},"categories":[50,101,2],"tags":[197,19],"class_list":["post-74805","post","type-post","status-publish","format-standard","has-post-thumbnail","hentry","category-destacadas","category-interes-general-locales","category-locales","tag-buenos-aires","tag-san-pedro"],"aioseo_notices":[],"gutentor_comment":0,"jetpack_featured_media_url":"https:\/\/eldiariodesanpedro.com.ar\/sitio\/wp-content\/uploads\/2020\/06\/Edictos-2.png","jetpack_shortlink":"https:\/\/wp.me\/p6RhLt-jsx","jetpack_sharing_enabled":true,"_links":{"self":[{"href":"https:\/\/eldiariodesanpedro.com.ar\/sitio\/wp-json\/wp\/v2\/posts\/74805","targetHints":{"allow":["GET"]}}],"collection":[{"href":"https:\/\/eldiariodesanpedro.com.ar\/sitio\/wp-json\/wp\/v2\/posts"}],"about":[{"href":"https:\/\/eldiariodesanpedro.com.ar\/sitio\/wp-json\/wp\/v2\/types\/post"}],"author":[{"embeddable":true,"href":"https:\/\/eldiariodesanpedro.com.ar\/sitio\/wp-json\/wp\/v2\/users\/4"}],"replies":[{"embeddable":true,"href":"https:\/\/eldiariodesanpedro.com.ar\/sitio\/wp-json\/wp\/v2\/comments?post=74805"}],"version-history":[{"count":3,"href":"https:\/\/eldiariodesanpedro.com.ar\/sitio\/wp-json\/wp\/v2\/posts\/74805\/revisions"}],"predecessor-version":[{"id":74844,"href":"https:\/\/eldiariodesanpedro.com.ar\/sitio\/wp-json\/wp\/v2\/posts\/74805\/revisions\/74844"}],"wp:featuredmedia":[{"embeddable":true,"href":"https:\/\/eldiariodesanpedro.com.ar\/sitio\/wp-json\/wp\/v2\/media\/74841"}],"wp:attachment":[{"href":"https:\/\/eldiariodesanpedro.com.ar\/sitio\/wp-json\/wp\/v2\/media?parent=74805"}],"wp:term":[{"taxonomy":"category","embeddable":true,"href":"https:\/\/eldiariodesanpedro.com.ar\/sitio\/wp-json\/wp\/v2\/categories?post=74805"},{"taxonomy":"post_tag","embeddable":true,"href":"https:\/\/eldiariodesanpedro.com.ar\/sitio\/wp-json\/wp\/v2\/tags?post=74805"}],"curies":[{"name":"wp","href":"https:\/\/api.w.org\/{rel}","templated":true}]}}