{"id":74801,"date":"2020-06-02T09:22:27","date_gmt":"2020-06-02T12:22:27","guid":{"rendered":"https:\/\/eldiariodesanpedro.com.ar\/sitio\/?p=74801"},"modified":"2020-06-02T09:22:29","modified_gmt":"2020-06-02T12:22:29","slug":"bomberos-sorprendio-a-una-nina-en-el-dia-de-su-cumpleanos","status":"publish","type":"post","link":"https:\/\/eldiariodesanpedro.com.ar\/sitio\/bomberos-sorprendio-a-una-nina-en-el-dia-de-su-cumpleanos\/","title":{"rendered":"Bomberos sorprendi\u00f3 a una ni\u00f1a en el d\u00eda de su cumplea\u00f1os"},"content":{"rendered":"<!-- VideographyWP Plugin Message: Automatic video embedding prevented by plugin options. -->\n\n<p>En el marco de la celebraci\u00f3n del D\u00eda del Bombero Voluntario una ni\u00f1a vivi\u00f3 un momento \u00fanico\u00a0al recibir una grata sorpresa en su casa.<\/p>\n\n\n\n<p>A pocas horas de conmemorarse el D\u00eda del Bombero\u00a0Voluntario\u00a0y ante la imposibilidad de poder celebrarlo como de costumbre por el per\u00edodo de cuarentena que atravesamos, \u00abpor \u00fanica vez\u00bb\u00a0los Bomberos de nuestra ciudad se sumaron al anhelo de una familia que quiso sorprender a su hija en el d\u00eda de su cumplea\u00f1os.\u00a0\u00a0\u00a0<\/p>\n\n\n\n<p>Fue as\u00ed como una unidad del cuartel San Pedro se dirigi\u00f3 al edificio ubicado en la esquina de Mitre y San Mart\u00edn y sorprendi\u00f3 a la peque\u00f1a Ema, de tan solo 5 a\u00f1os, quien desde el balc\u00f3n recibi\u00f3 a los Bomberos que arribaron all\u00ed por medio del hidroelevador.<\/p>\n\n\n\n<p>La actividad fue celebrada por familiares, vecinos y curiosos, que tambi\u00e9n fueron sorprendidos cuando promediaba la tarde.<\/p>\n\n\n\n<p>Actitudes como estas enaltecen la labor de los Bomberos que en la antesala de un d\u00eda tan sentido se sum\u00f3 a un evento especial, lejos del dramatismo y los momentos de tensi\u00f3n que les toca atravesar a diario siempre a disposici\u00f3n de la comunidad.\u00a0<\/p>\n\n\n\n<figure class=\"wp-block-image size-large\"><img decoding=\"async\" width=\"1024\" height=\"537\" data-attachment-id=\"74802\" data-permalink=\"https:\/\/eldiariodesanpedro.com.ar\/sitio\/bomberos-sorprendio-a-una-nina-en-el-dia-de-su-cumpleanos\/fb_img_1591100391415\/\" data-orig-file=\"https:\/\/eldiariodesanpedro.com.ar\/sitio\/wp-content\/uploads\/2020\/06\/FB_IMG_1591100391415.jpg\" data-orig-size=\"1042,546\" data-comments-opened=\"1\" data-image-meta=\"{&quot;aperture&quot;:&quot;0&quot;,&quot;credit&quot;:&quot;&quot;,&quot;camera&quot;:&quot;&quot;,&quot;caption&quot;:&quot;&quot;,&quot;created_timestamp&quot;:&quot;0&quot;,&quot;copyright&quot;:&quot;&quot;,&quot;focal_length&quot;:&quot;0&quot;,&quot;iso&quot;:&quot;0&quot;,&quot;shutter_speed&quot;:&quot;0&quot;,&quot;title&quot;:&quot;&quot;,&quot;orientation&quot;:&quot;0&quot;}\" data-image-title=\"FB_IMG_1591100391415\" data-image-description=\"\" data-image-caption=\"\" data-large-file=\"https:\/\/eldiariodesanpedro.com.ar\/sitio\/wp-content\/uploads\/2020\/06\/FB_IMG_1591100391415-1024x537.jpg\" data-src=\"https:\/\/eldiariodesanpedro.com.ar\/sitio\/wp-content\/uploads\/2020\/06\/FB_IMG_1591100391415-1024x537.jpg\" alt=\"\" class=\"wp-image-74802 lazyload\" data-srcset=\"https:\/\/eldiariodesanpedro.com.ar\/sitio\/wp-content\/uploads\/2020\/06\/FB_IMG_1591100391415-1024x537.jpg 1024w, https:\/\/eldiariodesanpedro.com.ar\/sitio\/wp-content\/uploads\/2020\/06\/FB_IMG_1591100391415-300x157.jpg 300w, https:\/\/eldiariodesanpedro.com.ar\/sitio\/wp-content\/uploads\/2020\/06\/FB_IMG_1591100391415-768x402.jpg 768w, https:\/\/eldiariodesanpedro.com.ar\/sitio\/wp-content\/uploads\/2020\/06\/FB_IMG_1591100391415.jpg 1042w\" data-sizes=\"(max-width: 1024px) 100vw, 1024px\" src=\"data:image\/svg+xml;base64,PHN2ZyB3aWR0aD0iMSIgaGVpZ2h0PSIxIiB4bWxucz0iaHR0cDovL3d3dy53My5vcmcvMjAwMC9zdmciPjwvc3ZnPg==\" style=\"--smush-placeholder-width: 1024px; --smush-placeholder-aspect-ratio: 1024\/537;\" \/><\/figure>\n","protected":false},"excerpt":{"rendered":"<p>En el marco de la celebraci\u00f3n del D\u00eda del Bombero Voluntario una ni\u00f1a vivi\u00f3 un momento \u00fanico\u00a0al recibir una grata sorpresa en su casa. A pocas horas de conmemorarse el D\u00eda del Bombero\u00a0Voluntario\u00a0y ante la imposibilidad de poder celebrarlo como de costumbre por el per\u00edodo de cuarentena que atravesamos, \u00abpor \u00fanica vez\u00bb\u00a0los Bomberos de nuestra [&hellip;]<\/p>\n","protected":false},"author":4,"featured_media":74803,"comment_status":"open","ping_status":"closed","sticky":false,"template":"","format":"standard","meta":{"om_disable_all_campaigns":false,"_jetpack_memberships_contains_paid_content":false,"footnotes":""},"categories":[50,101,2],"tags":[738,1170,1190,33,19],"class_list":["post-74801","post","type-post","status-publish","format-standard","has-post-thumbnail","hentry","category-destacadas","category-interes-general-locales","category-locales","tag-bomberos","tag-buenosaires","tag-cumpleanos","tag-locales","tag-san-pedro"],"aioseo_notices":[],"gutentor_comment":0,"jetpack_featured_media_url":"https:\/\/eldiariodesanpedro.com.ar\/sitio\/wp-content\/uploads\/2020\/06\/FB_IMG_1591100378027.jpg","jetpack_shortlink":"https:\/\/wp.me\/p6RhLt-jst","jetpack_sharing_enabled":true,"_links":{"self":[{"href":"https:\/\/eldiariodesanpedro.com.ar\/sitio\/wp-json\/wp\/v2\/posts\/74801","targetHints":{"allow":["GET"]}}],"collection":[{"href":"https:\/\/eldiariodesanpedro.com.ar\/sitio\/wp-json\/wp\/v2\/posts"}],"about":[{"href":"https:\/\/eldiariodesanpedro.com.ar\/sitio\/wp-json\/wp\/v2\/types\/post"}],"author":[{"embeddable":true,"href":"https:\/\/eldiariodesanpedro.com.ar\/sitio\/wp-json\/wp\/v2\/users\/4"}],"replies":[{"embeddable":true,"href":"https:\/\/eldiariodesanpedro.com.ar\/sitio\/wp-json\/wp\/v2\/comments?post=74801"}],"version-history":[{"count":1,"href":"https:\/\/eldiariodesanpedro.com.ar\/sitio\/wp-json\/wp\/v2\/posts\/74801\/revisions"}],"predecessor-version":[{"id":74804,"href":"https:\/\/eldiariodesanpedro.com.ar\/sitio\/wp-json\/wp\/v2\/posts\/74801\/revisions\/74804"}],"wp:featuredmedia":[{"embeddable":true,"href":"https:\/\/eldiariodesanpedro.com.ar\/sitio\/wp-json\/wp\/v2\/media\/74803"}],"wp:attachment":[{"href":"https:\/\/eldiariodesanpedro.com.ar\/sitio\/wp-json\/wp\/v2\/media?parent=74801"}],"wp:term":[{"taxonomy":"category","embeddable":true,"href":"https:\/\/eldiariodesanpedro.com.ar\/sitio\/wp-json\/wp\/v2\/categories?post=74801"},{"taxonomy":"post_tag","embeddable":true,"href":"https:\/\/eldiariodesanpedro.com.ar\/sitio\/wp-json\/wp\/v2\/tags?post=74801"}],"curies":[{"name":"wp","href":"https:\/\/api.w.org\/{rel}","templated":true}]}}