{"id":74795,"date":"2020-06-02T09:10:09","date_gmt":"2020-06-02T12:10:09","guid":{"rendered":"https:\/\/eldiariodesanpedro.com.ar\/sitio\/?p=74795"},"modified":"2020-06-02T09:10:11","modified_gmt":"2020-06-02T12:10:11","slug":"hoy-es-el-dia-del-bombero-voluntario","status":"publish","type":"post","link":"https:\/\/eldiariodesanpedro.com.ar\/sitio\/hoy-es-el-dia-del-bombero-voluntario\/","title":{"rendered":"Hoy es el D\u00eda del Bombero Voluntario"},"content":{"rendered":"<!-- VideographyWP Plugin Message: Automatic video embedding prevented by plugin options. -->\n\n<p>H\u00e9roes silenciosos, cada\u00a0<strong>2 de junio<\/strong>\u00a0se festeja en Argentina el<strong>\u00a0D\u00eda del Bombero Voluntario<\/strong>, una fecha que sirve para homenajear a todas aquellas personas que\u00a0<strong>ponen en riesgo sus vidas para combatir contra las llamas<\/strong>. Ahora bien: \u00bfpor qu\u00e9 se eligi\u00f3 esta fecha en el calendario?<\/p>\n\n\n\n<p>Para encontrar la respuesta hay que remontarse m\u00e1s de un siglo en el pasado, hasta el\u00a0<strong>2 de junio de 1884<\/strong>. Aquel d\u00eda, un voraz incendio se inici\u00f3 en el barrio porte\u00f1o de<strong>La Boca<\/strong>, por lo que\u00a0<strong>Tom\u00e1s Liberti\u00a0<\/strong>(un vecino\u00a0de la zona que hab\u00eda llegado a Argentina desde Italia) junto a su hijo Oreste<strong>\u00a0organizaron una cadena humana para apagar las llamas<\/strong>\u00a0que amenazaban propagarse r\u00e1pidamente en las construcciones aleda\u00f1as, que eran principalmente\u00a0<strong>conventillos<\/strong>\u00a0construidos a partir de los rezagos de los astilleros de la zona y de f\u00e1cil combusti\u00f3n.<\/p>\n\n\n\n<p>Adem\u00e1s de Liberti y su hijo, hubo<strong>\u00a0otros apellidos\u00a0<\/strong>que quedaron en la historia por haber ayudado aquel d\u00eda a sus vecinos:\u00a0L\u00e1zaro Paglieti, Andr\u00e9s Benvenutto, Jos\u00e9 Ragoza, \u00c1ngel Descalzo, Luis Paolinelli, Santiago Ferro, Romeo Scotti y Esteban Denegri.<\/p>\n\n\n\n<p>Este hecho, espont\u00e1neo, sirvi\u00f3 como piedra fundacional:&nbsp;<strong>aquel 2 de junio de 1884 se cre\u00f3 el&nbsp;primer Cuerpo de&nbsp;<a href=\"https:\/\/www.clarin.com\/tema\/bomberos.html\">Bomberos<\/a>&nbsp;Voluntarios<\/strong>, que este 2019 cumple 135 a\u00f1os y que en un principio se ubic\u00f3 en la calle Necochea, entre Lamadrid y la Avenida Pedro de Mendoza (actualmente est\u00e1 en&nbsp;<strong>Brandsen 567<\/strong>).&nbsp;Su lema:&nbsp;<strong>\u00abQuerer es poder\u00bb&nbsp;<\/strong>(\u201cVolere e Potere\u201d, como rezaba el cartel en italiano que se coloc\u00f3 en 1884).<\/p>\n\n\n\n<p>Seg\u00fan explican los Bomberos Voluntarios de La Boca, tras apagar las llamas,\u00a0Liberti y el resto de los vecinos realizaron un\u00a0<strong>manifiesto\u00a0<\/strong>que ten\u00eda como objetivo la creaci\u00f3n de un cuartel: \u00abUna chispa podr\u00eda desarrollar un voraz incendio que reducir\u00eda a cenizas nuestras humildes viviendas de madera.\u00a0<strong>Tenemos necesidad de una Sociedad de Bomberos<\/strong>, que en los momentos de peligr<strong>o salven nuestros bienes y nuestras familias<\/strong>. Con tal motivo los invitamos a la reuni\u00f3n que tendr\u00e1 lugar el domingo a las 3 de la tarde en el Ateneo Iris\u00bb, escribieron en 1884.<\/p>\n\n\n\n<h4 class=\"wp-block-heading\">La actualidad de los Bomberos Voluntarios en Argentina<\/h4>\n\n\n\n<p>Actualmente se estima que Argentina cuenta con\u00a0<strong>m\u00e1s de 43.000 bomberos voluntarios<\/strong>, de los cuales\u00a0<strong>7.000 son mujeres<\/strong>, distribuidos en m\u00e1s de 900 cuerpos en todo el pa\u00eds.<\/p>\n\n\n\n<h4 class=\"wp-block-heading\">En San Pedro<\/h4>\n\n\n\n<p>Dando cumplimiento a lo establecido por el decreto Nacional que proh\u00edbe cualquier tipo de acto p\u00fablico o privado por la pandemia del COVID-19; no se realizar\u00e1 ning\u00fan tipo de acto en conmemoraci\u00f3n por el D\u00eda del Bombero Voluntario.<br>Solo se realizar\u00e1 un toque de sirena de un minuto, el pr\u00f3ximo martes 2 de junio a las 17.30 hs en ambos cuarteles con una formaci\u00f3n reducida de personal , a los efectos de rendir homenaje a todos los Bomberos Voluntarios del pais, tanto Mujeres como Hombres que dan la vida de ser necesario por el projimo ,por simplemente el echo de ejercer la solidaridad y tambien recordar a todos los ca\u00eddos en acto de servicio que lamentablemente tiene el sistema de Bomberos Voluntarios Argentino.<br>El Jefe CA, H.C.D, RA.<\/p>\n\n\n\n<figure class=\"wp-block-image size-large\"><img decoding=\"async\" width=\"1440\" height=\"960\" data-attachment-id=\"74798\" data-permalink=\"https:\/\/eldiariodesanpedro.com.ar\/sitio\/hoy-es-el-dia-del-bombero-voluntario\/fb_img_1591099676077\/\" data-orig-file=\"https:\/\/eldiariodesanpedro.com.ar\/sitio\/wp-content\/uploads\/2020\/06\/FB_IMG_1591099676077.jpg\" data-orig-size=\"1440,960\" data-comments-opened=\"1\" data-image-meta=\"{&quot;aperture&quot;:&quot;0&quot;,&quot;credit&quot;:&quot;&quot;,&quot;camera&quot;:&quot;&quot;,&quot;caption&quot;:&quot;&quot;,&quot;created_timestamp&quot;:&quot;0&quot;,&quot;copyright&quot;:&quot;&quot;,&quot;focal_length&quot;:&quot;0&quot;,&quot;iso&quot;:&quot;0&quot;,&quot;shutter_speed&quot;:&quot;0&quot;,&quot;title&quot;:&quot;&quot;,&quot;orientation&quot;:&quot;0&quot;}\" data-image-title=\"FB_IMG_1591099676077\" data-image-description=\"\" data-image-caption=\"\" data-large-file=\"https:\/\/eldiariodesanpedro.com.ar\/sitio\/wp-content\/uploads\/2020\/06\/FB_IMG_1591099676077-1024x683.jpg\" data-src=\"https:\/\/i0.wp.com\/eldiariodesanpedro.com.ar\/sitio\/wp-content\/uploads\/2020\/06\/FB_IMG_1591099676077.jpg?fit=640%2C427\" alt=\"\" class=\"wp-image-74798 lazyload\" data-srcset=\"https:\/\/eldiariodesanpedro.com.ar\/sitio\/wp-content\/uploads\/2020\/06\/FB_IMG_1591099676077.jpg 1440w, https:\/\/eldiariodesanpedro.com.ar\/sitio\/wp-content\/uploads\/2020\/06\/FB_IMG_1591099676077-300x200.jpg 300w, https:\/\/eldiariodesanpedro.com.ar\/sitio\/wp-content\/uploads\/2020\/06\/FB_IMG_1591099676077-1024x683.jpg 1024w, https:\/\/eldiariodesanpedro.com.ar\/sitio\/wp-content\/uploads\/2020\/06\/FB_IMG_1591099676077-768x512.jpg 768w\" data-sizes=\"(max-width: 1440px) 100vw, 1440px\" src=\"data:image\/svg+xml;base64,PHN2ZyB3aWR0aD0iMSIgaGVpZ2h0PSIxIiB4bWxucz0iaHR0cDovL3d3dy53My5vcmcvMjAwMC9zdmciPjwvc3ZnPg==\" style=\"--smush-placeholder-width: 1440px; --smush-placeholder-aspect-ratio: 1440\/960;\" \/><\/figure>\n\n\n\n<figure class=\"wp-block-image size-large\"><img decoding=\"async\" width=\"1080\" height=\"1234\" data-attachment-id=\"74799\" data-permalink=\"https:\/\/eldiariodesanpedro.com.ar\/sitio\/hoy-es-el-dia-del-bombero-voluntario\/fb_img_1591099754980\/\" data-orig-file=\"https:\/\/eldiariodesanpedro.com.ar\/sitio\/wp-content\/uploads\/2020\/06\/FB_IMG_1591099754980.jpg\" data-orig-size=\"1080,1234\" data-comments-opened=\"1\" data-image-meta=\"{&quot;aperture&quot;:&quot;0&quot;,&quot;credit&quot;:&quot;&quot;,&quot;camera&quot;:&quot;&quot;,&quot;caption&quot;:&quot;&quot;,&quot;created_timestamp&quot;:&quot;0&quot;,&quot;copyright&quot;:&quot;&quot;,&quot;focal_length&quot;:&quot;0&quot;,&quot;iso&quot;:&quot;0&quot;,&quot;shutter_speed&quot;:&quot;0&quot;,&quot;title&quot;:&quot;&quot;,&quot;orientation&quot;:&quot;0&quot;}\" data-image-title=\"FB_IMG_1591099754980\" data-image-description=\"\" data-image-caption=\"\" data-large-file=\"https:\/\/eldiariodesanpedro.com.ar\/sitio\/wp-content\/uploads\/2020\/06\/FB_IMG_1591099754980-896x1024.jpg\" data-src=\"https:\/\/i2.wp.com\/eldiariodesanpedro.com.ar\/sitio\/wp-content\/uploads\/2020\/06\/FB_IMG_1591099754980.jpg?fit=640%2C731\" alt=\"\" class=\"wp-image-74799 lazyload\" data-srcset=\"https:\/\/eldiariodesanpedro.com.ar\/sitio\/wp-content\/uploads\/2020\/06\/FB_IMG_1591099754980.jpg 1080w, https:\/\/eldiariodesanpedro.com.ar\/sitio\/wp-content\/uploads\/2020\/06\/FB_IMG_1591099754980-263x300.jpg 263w, https:\/\/eldiariodesanpedro.com.ar\/sitio\/wp-content\/uploads\/2020\/06\/FB_IMG_1591099754980-896x1024.jpg 896w, https:\/\/eldiariodesanpedro.com.ar\/sitio\/wp-content\/uploads\/2020\/06\/FB_IMG_1591099754980-768x878.jpg 768w\" data-sizes=\"(max-width: 1080px) 100vw, 1080px\" src=\"data:image\/svg+xml;base64,PHN2ZyB3aWR0aD0iMSIgaGVpZ2h0PSIxIiB4bWxucz0iaHR0cDovL3d3dy53My5vcmcvMjAwMC9zdmciPjwvc3ZnPg==\" style=\"--smush-placeholder-width: 1080px; --smush-placeholder-aspect-ratio: 1080\/1234;\" \/><\/figure>\n","protected":false},"excerpt":{"rendered":"<p>H\u00e9roes silenciosos, cada\u00a02 de junio\u00a0se festeja en Argentina el\u00a0D\u00eda del Bombero Voluntario, una fecha que sirve para homenajear a todas aquellas personas que\u00a0ponen en riesgo sus vidas para combatir contra las llamas. Ahora bien: \u00bfpor qu\u00e9 se eligi\u00f3 esta fecha en el calendario? Para encontrar la respuesta hay que remontarse m\u00e1s de un siglo en [&hellip;]<\/p>\n","protected":false},"author":4,"featured_media":74797,"comment_status":"open","ping_status":"closed","sticky":false,"template":"","format":"standard","meta":{"om_disable_all_campaigns":false,"_jetpack_memberships_contains_paid_content":false,"footnotes":""},"categories":[50,101,2],"tags":[981,197,33,19],"class_list":["post-74795","post","type-post","status-publish","format-standard","has-post-thumbnail","hentry","category-destacadas","category-interes-general-locales","category-locales","tag-bomberos-voluntarios","tag-buenos-aires","tag-locales","tag-san-pedro"],"aioseo_notices":[],"gutentor_comment":0,"jetpack_featured_media_url":"https:\/\/eldiariodesanpedro.com.ar\/sitio\/wp-content\/uploads\/2020\/06\/FB_IMG_1591099433026.jpg","jetpack_shortlink":"https:\/\/wp.me\/p6RhLt-jsn","jetpack_sharing_enabled":true,"_links":{"self":[{"href":"https:\/\/eldiariodesanpedro.com.ar\/sitio\/wp-json\/wp\/v2\/posts\/74795","targetHints":{"allow":["GET"]}}],"collection":[{"href":"https:\/\/eldiariodesanpedro.com.ar\/sitio\/wp-json\/wp\/v2\/posts"}],"about":[{"href":"https:\/\/eldiariodesanpedro.com.ar\/sitio\/wp-json\/wp\/v2\/types\/post"}],"author":[{"embeddable":true,"href":"https:\/\/eldiariodesanpedro.com.ar\/sitio\/wp-json\/wp\/v2\/users\/4"}],"replies":[{"embeddable":true,"href":"https:\/\/eldiariodesanpedro.com.ar\/sitio\/wp-json\/wp\/v2\/comments?post=74795"}],"version-history":[{"count":2,"href":"https:\/\/eldiariodesanpedro.com.ar\/sitio\/wp-json\/wp\/v2\/posts\/74795\/revisions"}],"predecessor-version":[{"id":74800,"href":"https:\/\/eldiariodesanpedro.com.ar\/sitio\/wp-json\/wp\/v2\/posts\/74795\/revisions\/74800"}],"wp:featuredmedia":[{"embeddable":true,"href":"https:\/\/eldiariodesanpedro.com.ar\/sitio\/wp-json\/wp\/v2\/media\/74797"}],"wp:attachment":[{"href":"https:\/\/eldiariodesanpedro.com.ar\/sitio\/wp-json\/wp\/v2\/media?parent=74795"}],"wp:term":[{"taxonomy":"category","embeddable":true,"href":"https:\/\/eldiariodesanpedro.com.ar\/sitio\/wp-json\/wp\/v2\/categories?post=74795"},{"taxonomy":"post_tag","embeddable":true,"href":"https:\/\/eldiariodesanpedro.com.ar\/sitio\/wp-json\/wp\/v2\/tags?post=74795"}],"curies":[{"name":"wp","href":"https:\/\/api.w.org\/{rel}","templated":true}]}}