{"id":7479,"date":"2016-08-25T11:52:58","date_gmt":"2016-08-25T14:52:58","guid":{"rendered":"https:\/\/eldiariodesanpedro.com.ar\/sitio\/?p=7479"},"modified":"2026-01-24T00:32:42","modified_gmt":"2026-01-24T03:32:42","slug":"tiro-gano-y-quedo-a-solo-tres-puntos-del-lider","status":"publish","type":"post","link":"https:\/\/eldiariodesanpedro.com.ar\/sitio\/tiro-gano-y-quedo-a-solo-tres-puntos-del-lider\/","title":{"rendered":"Tiro gan\u00f3 y qued\u00f3 a solo tres puntos del l\u00edder"},"content":{"rendered":"<p><!-- VideographyWP Plugin Message: Automatic video embedding prevented by plugin options. --><br \/>\nTiro Federal gan\u00f3 como visitante en la 9\u00aa fecha del Reubicaci\u00f3n Grupo III de la Uni\u00f3n de Rugby de Buenos Aires (URBA) a Vicente L\u00f3pez 18 a 17. Con el triunfo qued\u00f3 solo a tres puntos de Areco Rugby. San Pedro recibir\u00e1 a Ciudad de Campana este s\u00e1bado desde las 15.00 horas en \u201cLas Barrancas\u201d.<\/p>\n","protected":false},"excerpt":{"rendered":"<p>Tiro Federal gan\u00f3 como visitante en la 9\u00aa fecha del Reubicaci\u00f3n Grupo III de la Uni\u00f3n de Rugby de Buenos Aires (URBA) a Vicente L\u00f3pez 18 a 17. Con el triunfo qued\u00f3 solo a tres puntos de Areco Rugby. San Pedro recibir\u00e1 a Ciudad de Campana este s\u00e1bado desde las 15.00 horas en \u201cLas Barrancas\u201d.<\/p>\n","protected":false},"author":4,"featured_media":7480,"comment_status":"open","ping_status":"closed","sticky":false,"template":"","format":"standard","meta":{"om_disable_all_campaigns":false,"_jetpack_memberships_contains_paid_content":false,"footnotes":""},"categories":[5],"tags":[],"class_list":["post-7479","post","type-post","status-publish","format-standard","has-post-thumbnail","hentry","category-deportes"],"aioseo_notices":[],"gutentor_comment":0,"jetpack_featured_media_url":"https:\/\/eldiariodesanpedro.com.ar\/sitio\/wp-content\/uploads\/2016\/08\/vigua.jpg","jetpack_shortlink":"https:\/\/wp.me\/p6RhLt-1WD","jetpack_sharing_enabled":true,"_links":{"self":[{"href":"https:\/\/eldiariodesanpedro.com.ar\/sitio\/wp-json\/wp\/v2\/posts\/7479","targetHints":{"allow":["GET"]}}],"collection":[{"href":"https:\/\/eldiariodesanpedro.com.ar\/sitio\/wp-json\/wp\/v2\/posts"}],"about":[{"href":"https:\/\/eldiariodesanpedro.com.ar\/sitio\/wp-json\/wp\/v2\/types\/post"}],"author":[{"embeddable":true,"href":"https:\/\/eldiariodesanpedro.com.ar\/sitio\/wp-json\/wp\/v2\/users\/4"}],"replies":[{"embeddable":true,"href":"https:\/\/eldiariodesanpedro.com.ar\/sitio\/wp-json\/wp\/v2\/comments?post=7479"}],"version-history":[{"count":1,"href":"https:\/\/eldiariodesanpedro.com.ar\/sitio\/wp-json\/wp\/v2\/posts\/7479\/revisions"}],"predecessor-version":[{"id":7481,"href":"https:\/\/eldiariodesanpedro.com.ar\/sitio\/wp-json\/wp\/v2\/posts\/7479\/revisions\/7481"}],"wp:featuredmedia":[{"embeddable":true,"href":"https:\/\/eldiariodesanpedro.com.ar\/sitio\/wp-json\/wp\/v2\/media\/7480"}],"wp:attachment":[{"href":"https:\/\/eldiariodesanpedro.com.ar\/sitio\/wp-json\/wp\/v2\/media?parent=7479"}],"wp:term":[{"taxonomy":"category","embeddable":true,"href":"https:\/\/eldiariodesanpedro.com.ar\/sitio\/wp-json\/wp\/v2\/categories?post=7479"},{"taxonomy":"post_tag","embeddable":true,"href":"https:\/\/eldiariodesanpedro.com.ar\/sitio\/wp-json\/wp\/v2\/tags?post=7479"}],"curies":[{"name":"wp","href":"https:\/\/api.w.org\/{rel}","templated":true}]}}