{"id":74786,"date":"2020-06-02T08:35:45","date_gmt":"2020-06-02T11:35:45","guid":{"rendered":"https:\/\/eldiariodesanpedro.com.ar\/sitio\/?p=74786"},"modified":"2020-06-02T08:35:48","modified_gmt":"2020-06-02T11:35:48","slug":"a-partir-del-8-de-junio-comenzara-el-pago-de-la-segunda-cuota-del-ife","status":"publish","type":"post","link":"https:\/\/eldiariodesanpedro.com.ar\/sitio\/a-partir-del-8-de-junio-comenzara-el-pago-de-la-segunda-cuota-del-ife\/","title":{"rendered":"A partir del 8 de junio comenzar\u00e1 el pago de la segunda cuota del IFE"},"content":{"rendered":"<!-- VideographyWP Plugin Message: Automatic video embedding prevented by plugin options. -->\n\n<p><em>Se anunci\u00f3 el nuevo pago del Ingreso Familiar de Emergencia (IFE) de 10.000 pesos que se comenzar\u00e1 a abonar a partir del 8 de junio. El bono est\u00e1 destinado a cuidar en materia econ\u00f3mica y social a las familias de los sectores m\u00e1s vulnerables que se ven afectadas por la emergencia sanitaria creada por el Coronavirus (COVID19). El IFE volver\u00e1 a llegar a casi 9 millones de personas.<\/em><\/p>\n\n\n\n<p><em>La directora ejecutiva de la ANSES,&nbsp;<strong>Fernanda Raverta<\/strong>, expres\u00f3: \u201c<\/em><em>Lo que estamos anunciando hoy es la decisi\u00f3n pol\u00edtica de un Gobierno de volver a efectuar esta ayuda econ\u00f3mica a las familias argentinas. Estos 10.000 pesos que cobraron en una primera instancia del IFE se van a volver a recibir a partir del 8 de junio comenzando con el cronograma de pago de la AUH<\/em><em>\u201d.<\/em><\/p>\n\n\n\n<p><em>La titular del organismo previsional estuvo acompa\u00f1ada por funcionarios del Ministerio de Econom\u00eda: el&nbsp;<\/em><em>secretario de Pol\u00edtica Econ\u00f3mica,&nbsp;<strong>Haroldo Montagu<\/strong>, y la directora nacional de Econom\u00eda y G\u00e9nero,&nbsp;<strong>Mercedes D\u2019Alessandro<\/strong>.<\/em><\/p>\n\n\n\n<p><em><strong>Raverta<\/strong><\/em><em>&nbsp;destac\u00f3 que se crear\u00e1 un c<\/em><em>ronograma de pago m\u00e1s inteligente y \u00e1gil, que comenzar\u00e1&nbsp;<\/em><em>con el calendario de junio de la Asignaci\u00f3n Universal por Hijo (AUH). Asimismo, se continuar\u00e1 abonando a quienes posean una&nbsp;<\/em>Clave Bancaria Uniforme&nbsp;(CBU) y que hayan elegido ese m\u00e9todo de cobro en la primera instancia del IFE.<\/p>\n","protected":false},"excerpt":{"rendered":"<p>Se anunci\u00f3 el nuevo pago del Ingreso Familiar de Emergencia (IFE) de 10.000 pesos que se comenzar\u00e1 a abonar a partir del 8 de junio. El bono est\u00e1 destinado a cuidar en materia econ\u00f3mica y social a las familias de los sectores m\u00e1s vulnerables que se ven afectadas por la emergencia sanitaria creada por el [&hellip;]<\/p>\n","protected":false},"author":4,"featured_media":72304,"comment_status":"open","ping_status":"closed","sticky":false,"template":"","format":"standard","meta":{"om_disable_all_campaigns":false,"_jetpack_memberships_contains_paid_content":false,"footnotes":""},"categories":[101,2],"tags":[602,1170,879,33,19],"class_list":["post-74786","post","type-post","status-publish","format-standard","has-post-thumbnail","hentry","category-interes-general-locales","category-locales","tag-anses","tag-buenosaires","tag-ife","tag-locales","tag-san-pedro"],"aioseo_notices":[],"gutentor_comment":0,"jetpack_featured_media_url":"https:\/\/eldiariodesanpedro.com.ar\/sitio\/wp-content\/uploads\/2020\/04\/7UX43JWCHNDJRLLZWBOQGULLCM.jpg","jetpack_shortlink":"https:\/\/wp.me\/p6RhLt-jse","jetpack_sharing_enabled":true,"_links":{"self":[{"href":"https:\/\/eldiariodesanpedro.com.ar\/sitio\/wp-json\/wp\/v2\/posts\/74786","targetHints":{"allow":["GET"]}}],"collection":[{"href":"https:\/\/eldiariodesanpedro.com.ar\/sitio\/wp-json\/wp\/v2\/posts"}],"about":[{"href":"https:\/\/eldiariodesanpedro.com.ar\/sitio\/wp-json\/wp\/v2\/types\/post"}],"author":[{"embeddable":true,"href":"https:\/\/eldiariodesanpedro.com.ar\/sitio\/wp-json\/wp\/v2\/users\/4"}],"replies":[{"embeddable":true,"href":"https:\/\/eldiariodesanpedro.com.ar\/sitio\/wp-json\/wp\/v2\/comments?post=74786"}],"version-history":[{"count":1,"href":"https:\/\/eldiariodesanpedro.com.ar\/sitio\/wp-json\/wp\/v2\/posts\/74786\/revisions"}],"predecessor-version":[{"id":74787,"href":"https:\/\/eldiariodesanpedro.com.ar\/sitio\/wp-json\/wp\/v2\/posts\/74786\/revisions\/74787"}],"wp:featuredmedia":[{"embeddable":true,"href":"https:\/\/eldiariodesanpedro.com.ar\/sitio\/wp-json\/wp\/v2\/media\/72304"}],"wp:attachment":[{"href":"https:\/\/eldiariodesanpedro.com.ar\/sitio\/wp-json\/wp\/v2\/media?parent=74786"}],"wp:term":[{"taxonomy":"category","embeddable":true,"href":"https:\/\/eldiariodesanpedro.com.ar\/sitio\/wp-json\/wp\/v2\/categories?post=74786"},{"taxonomy":"post_tag","embeddable":true,"href":"https:\/\/eldiariodesanpedro.com.ar\/sitio\/wp-json\/wp\/v2\/tags?post=74786"}],"curies":[{"name":"wp","href":"https:\/\/api.w.org\/{rel}","templated":true}]}}