{"id":74770,"date":"2020-06-01T17:20:34","date_gmt":"2020-06-01T20:20:34","guid":{"rendered":"https:\/\/eldiariodesanpedro.com.ar\/sitio\/?p=74770"},"modified":"2020-06-01T17:20:56","modified_gmt":"2020-06-01T20:20:56","slug":"reunion-con-gastronomicos-para-presentar-y-elevar-un-protocolo-de-funcionamiento","status":"publish","type":"post","link":"https:\/\/eldiariodesanpedro.com.ar\/sitio\/reunion-con-gastronomicos-para-presentar-y-elevar-un-protocolo-de-funcionamiento\/","title":{"rendered":"Reuni\u00f3n con gastron\u00f3micos para presentar y elevar un protocolo de funcionamiento"},"content":{"rendered":"<!-- VideographyWP Plugin Message: Automatic video embedding prevented by plugin options. -->\n\n<p>El Intendente Cecilio Salazar recibi\u00f3 esta ma\u00f1ana en su despacho junto al Secretario de Desarrollo Econ\u00f3mico Alfredo Camilletti y el Director de Modernizaci\u00f3n Hern\u00e1n Contreras, a representantes de bares y restaurantes que se encuentran afectados por la imposibilidad trabajar ante la Pandemia.<\/p>\n\n\n\n<p>Desde el sector se present\u00f3 un protocolo que seguir\u00e1 siendo analizado y de acuerdo a las resoluciones que adopte el gobierno de la Provincia sobre la modalidad de contuinidad de la cuarentena, ser\u00e1 elevado al gobierno de la Provincia de Buenos Aires.<\/p>\n\n\n\n<p>Participaron Ra\u00fal Cheyllada, en representaci\u00f3n del Centro de Comercio que ha venido acompa\u00f1ando a los diferentes sectores de la econom\u00eda que est\u00e1n complicados por esta coyuntura y los due\u00f1os de bares y restaurantes locales Bruno Sciarra, Francisco Vaca y Pedro Alsogaray.<\/p>\n\n\n\n<p>El Intendente ratific\u00f3 que se respetar\u00e1n las disposiciones de los gobiernos superiores, manteniendo como prioridad el cuidado de la salud de todos los sampedrinos y se buscar\u00e1 la manera de avanzar hacia una nueva instancia para que \u00e9ste y todos los sectores que no est\u00e1n trabajando con normalidad puedan ir recuperando su funcionamiento.<\/p>\n\n\n\n<figure class=\"wp-block-image size-large\"><img decoding=\"async\" width=\"1024\" height=\"682\" data-attachment-id=\"74771\" data-permalink=\"https:\/\/eldiariodesanpedro.com.ar\/sitio\/reunion-con-gastronomicos-para-presentar-y-elevar-un-protocolo-de-funcionamiento\/whatsapp-image-2020-06-01-at-17-16-21-1\/\" data-orig-file=\"https:\/\/eldiariodesanpedro.com.ar\/sitio\/wp-content\/uploads\/2020\/06\/WhatsApp-Image-2020-06-01-at-17.16.21-1.jpeg\" data-orig-size=\"1280,853\" data-comments-opened=\"1\" data-image-meta=\"{&quot;aperture&quot;:&quot;0&quot;,&quot;credit&quot;:&quot;&quot;,&quot;camera&quot;:&quot;&quot;,&quot;caption&quot;:&quot;&quot;,&quot;created_timestamp&quot;:&quot;0&quot;,&quot;copyright&quot;:&quot;&quot;,&quot;focal_length&quot;:&quot;0&quot;,&quot;iso&quot;:&quot;0&quot;,&quot;shutter_speed&quot;:&quot;0&quot;,&quot;title&quot;:&quot;&quot;,&quot;orientation&quot;:&quot;0&quot;}\" data-image-title=\"WhatsApp Image 2020-06-01 at 17.16.21 (1)\" data-image-description=\"\" data-image-caption=\"\" data-large-file=\"https:\/\/eldiariodesanpedro.com.ar\/sitio\/wp-content\/uploads\/2020\/06\/WhatsApp-Image-2020-06-01-at-17.16.21-1-1024x682.jpeg\" data-src=\"https:\/\/eldiariodesanpedro.com.ar\/sitio\/wp-content\/uploads\/2020\/06\/WhatsApp-Image-2020-06-01-at-17.16.21-1-1024x682.jpeg\" alt=\"\" class=\"wp-image-74771 lazyload\" data-srcset=\"https:\/\/eldiariodesanpedro.com.ar\/sitio\/wp-content\/uploads\/2020\/06\/WhatsApp-Image-2020-06-01-at-17.16.21-1-1024x682.jpeg 1024w, https:\/\/eldiariodesanpedro.com.ar\/sitio\/wp-content\/uploads\/2020\/06\/WhatsApp-Image-2020-06-01-at-17.16.21-1-300x200.jpeg 300w, https:\/\/eldiariodesanpedro.com.ar\/sitio\/wp-content\/uploads\/2020\/06\/WhatsApp-Image-2020-06-01-at-17.16.21-1-768x512.jpeg 768w, https:\/\/eldiariodesanpedro.com.ar\/sitio\/wp-content\/uploads\/2020\/06\/WhatsApp-Image-2020-06-01-at-17.16.21-1.jpeg 1280w\" data-sizes=\"(max-width: 1024px) 100vw, 1024px\" src=\"data:image\/svg+xml;base64,PHN2ZyB3aWR0aD0iMSIgaGVpZ2h0PSIxIiB4bWxucz0iaHR0cDovL3d3dy53My5vcmcvMjAwMC9zdmciPjwvc3ZnPg==\" style=\"--smush-placeholder-width: 1024px; --smush-placeholder-aspect-ratio: 1024\/682;\" \/><\/figure>\n\n\n\n<figure class=\"wp-block-image size-large\"><img decoding=\"async\" width=\"1024\" height=\"659\" data-attachment-id=\"74773\" data-permalink=\"https:\/\/eldiariodesanpedro.com.ar\/sitio\/reunion-con-gastronomicos-para-presentar-y-elevar-un-protocolo-de-funcionamiento\/whatsapp-image-2020-06-01-at-17-16-22\/\" data-orig-file=\"https:\/\/eldiariodesanpedro.com.ar\/sitio\/wp-content\/uploads\/2020\/06\/WhatsApp-Image-2020-06-01-at-17.16.22.jpeg\" data-orig-size=\"1280,824\" data-comments-opened=\"1\" data-image-meta=\"{&quot;aperture&quot;:&quot;0&quot;,&quot;credit&quot;:&quot;&quot;,&quot;camera&quot;:&quot;&quot;,&quot;caption&quot;:&quot;&quot;,&quot;created_timestamp&quot;:&quot;0&quot;,&quot;copyright&quot;:&quot;&quot;,&quot;focal_length&quot;:&quot;0&quot;,&quot;iso&quot;:&quot;0&quot;,&quot;shutter_speed&quot;:&quot;0&quot;,&quot;title&quot;:&quot;&quot;,&quot;orientation&quot;:&quot;0&quot;}\" data-image-title=\"WhatsApp Image 2020-06-01 at 17.16.22\" data-image-description=\"\" data-image-caption=\"\" data-large-file=\"https:\/\/eldiariodesanpedro.com.ar\/sitio\/wp-content\/uploads\/2020\/06\/WhatsApp-Image-2020-06-01-at-17.16.22-1024x659.jpeg\" data-src=\"https:\/\/eldiariodesanpedro.com.ar\/sitio\/wp-content\/uploads\/2020\/06\/WhatsApp-Image-2020-06-01-at-17.16.22-1024x659.jpeg\" alt=\"\" class=\"wp-image-74773 lazyload\" data-srcset=\"https:\/\/eldiariodesanpedro.com.ar\/sitio\/wp-content\/uploads\/2020\/06\/WhatsApp-Image-2020-06-01-at-17.16.22-1024x659.jpeg 1024w, https:\/\/eldiariodesanpedro.com.ar\/sitio\/wp-content\/uploads\/2020\/06\/WhatsApp-Image-2020-06-01-at-17.16.22-300x193.jpeg 300w, https:\/\/eldiariodesanpedro.com.ar\/sitio\/wp-content\/uploads\/2020\/06\/WhatsApp-Image-2020-06-01-at-17.16.22-768x494.jpeg 768w, https:\/\/eldiariodesanpedro.com.ar\/sitio\/wp-content\/uploads\/2020\/06\/WhatsApp-Image-2020-06-01-at-17.16.22.jpeg 1280w\" data-sizes=\"(max-width: 1024px) 100vw, 1024px\" src=\"data:image\/svg+xml;base64,PHN2ZyB3aWR0aD0iMSIgaGVpZ2h0PSIxIiB4bWxucz0iaHR0cDovL3d3dy53My5vcmcvMjAwMC9zdmciPjwvc3ZnPg==\" style=\"--smush-placeholder-width: 1024px; --smush-placeholder-aspect-ratio: 1024\/659;\" \/><\/figure>\n","protected":false},"excerpt":{"rendered":"<p>El Intendente Cecilio Salazar recibi\u00f3 esta ma\u00f1ana en su despacho junto al Secretario de Desarrollo Econ\u00f3mico Alfredo Camilletti y el Director de Modernizaci\u00f3n Hern\u00e1n Contreras, a representantes de bares y restaurantes que se encuentran afectados por la imposibilidad trabajar ante la Pandemia. Desde el sector se present\u00f3 un protocolo que seguir\u00e1 siendo analizado y de [&hellip;]<\/p>\n","protected":false},"author":4,"featured_media":74772,"comment_status":"open","ping_status":"closed","sticky":false,"template":"","format":"standard","meta":{"om_disable_all_campaigns":false,"_jetpack_memberships_contains_paid_content":false,"footnotes":""},"categories":[50,101,2],"tags":[1352,33,825,130,19],"class_list":["post-74770","post","type-post","status-publish","format-standard","has-post-thumbnail","hentry","category-destacadas","category-interes-general-locales","category-locales","tag-gastronoicos","tag-locales","tag-protocolo","tag-reunion","tag-san-pedro"],"aioseo_notices":[],"gutentor_comment":0,"jetpack_featured_media_url":"https:\/\/eldiariodesanpedro.com.ar\/sitio\/wp-content\/uploads\/2020\/06\/WhatsApp-Image-2020-06-01-at-17.16.21.jpeg","jetpack_shortlink":"https:\/\/wp.me\/p6RhLt-jrY","jetpack_sharing_enabled":true,"_links":{"self":[{"href":"https:\/\/eldiariodesanpedro.com.ar\/sitio\/wp-json\/wp\/v2\/posts\/74770","targetHints":{"allow":["GET"]}}],"collection":[{"href":"https:\/\/eldiariodesanpedro.com.ar\/sitio\/wp-json\/wp\/v2\/posts"}],"about":[{"href":"https:\/\/eldiariodesanpedro.com.ar\/sitio\/wp-json\/wp\/v2\/types\/post"}],"author":[{"embeddable":true,"href":"https:\/\/eldiariodesanpedro.com.ar\/sitio\/wp-json\/wp\/v2\/users\/4"}],"replies":[{"embeddable":true,"href":"https:\/\/eldiariodesanpedro.com.ar\/sitio\/wp-json\/wp\/v2\/comments?post=74770"}],"version-history":[{"count":2,"href":"https:\/\/eldiariodesanpedro.com.ar\/sitio\/wp-json\/wp\/v2\/posts\/74770\/revisions"}],"predecessor-version":[{"id":74775,"href":"https:\/\/eldiariodesanpedro.com.ar\/sitio\/wp-json\/wp\/v2\/posts\/74770\/revisions\/74775"}],"wp:featuredmedia":[{"embeddable":true,"href":"https:\/\/eldiariodesanpedro.com.ar\/sitio\/wp-json\/wp\/v2\/media\/74772"}],"wp:attachment":[{"href":"https:\/\/eldiariodesanpedro.com.ar\/sitio\/wp-json\/wp\/v2\/media?parent=74770"}],"wp:term":[{"taxonomy":"category","embeddable":true,"href":"https:\/\/eldiariodesanpedro.com.ar\/sitio\/wp-json\/wp\/v2\/categories?post=74770"},{"taxonomy":"post_tag","embeddable":true,"href":"https:\/\/eldiariodesanpedro.com.ar\/sitio\/wp-json\/wp\/v2\/tags?post=74770"}],"curies":[{"name":"wp","href":"https:\/\/api.w.org\/{rel}","templated":true}]}}