{"id":7476,"date":"2016-08-25T11:44:54","date_gmt":"2016-08-25T14:44:54","guid":{"rendered":"https:\/\/eldiariodesanpedro.com.ar\/sitio\/?p=7476"},"modified":"2026-01-24T00:32:42","modified_gmt":"2026-01-24T03:32:42","slug":"agustin-basualdo-gano-en-la-velada-sampedrina","status":"publish","type":"post","link":"https:\/\/eldiariodesanpedro.com.ar\/sitio\/agustin-basualdo-gano-en-la-velada-sampedrina\/","title":{"rendered":"Agust\u00edn Basualdo gan\u00f3 en la velada sampedrina"},"content":{"rendered":"<p><!-- VideographyWP Plugin Message: Automatic video embedding prevented by plugin options. --><br \/>\nSe llev\u00f3 a cabo la programaci\u00f3n de Pro-Ciclismo en la tarde del s\u00e1bado en el Panor\u00e1mico del Oeste. Atractivas competencias, mantuvieron a los aficionados pendientes a la espera de la principal, que con muy buen n\u00famero de participantes, que desde la orden de largada salieron a los \u00abpalos\u00bb desgranando en varias partes el pelot\u00f3n y el destacado despliegue del juvenil Juan Jos\u00e9 Paz, buscando y trabajar solitariamente para lograr la diferencia, pusieron la templanza que levant\u00f3 el aplauso del p\u00fablico ubicado al costado del circuito y al final Agust\u00edn Basualdo se alz\u00f3 con la victoria.<br \/>\nLos resultados fueron los detallados a continuaci\u00f3n:<br \/>\nPe\u00f1a Ciclistas Sampedrinos<br \/>\n1\u00b0 Daniel Chipolini<br \/>\n2\u00b0 Mario Garibaldi<br \/>\n3\u00b0 Maximiliano Arean<br \/>\n4\u00b0 Carlos Rodr\u00edguez<br \/>\n5\u00b0 Lu\u00eds Paz<\/p>\n<p>Menores de 45<br \/>\n1\u00b0 Alejandro Mendoza<br \/>\n2\u00b0 Lucas Arpia<br \/>\n3\u00b0 Facundo Arpia<br \/>\n4\u00b0 Manuel Vulcano<br \/>\n5\u00b0 Nicol\u00e1s Colisinio<br \/>\nGdor. Sprint especial: Lucas Arpia<br \/>\nGdor. Sprint X Insc. Salto:Jos\u00e9 Mendoza (Colon)<\/p>\n<p>Master \u00abD\u00bb<br \/>\n1\u00b0 Juan Carol (San Antonio de Areco)<br \/>\n2\u00aa Marita R\u00edos (Junin)<br \/>\n3\u00b0 Oscar Artigues (San Pedro)<\/p>\n<p>Master \u00abC\u00bb y Mayores de 45<br \/>\n1\u00b0 Gerardo Rivaro (Pergamino)<br \/>\n2\u00b0 Carlos Lorido (San Pedro)<br \/>\n3\u00b0 Rub\u00e9n Manfrida (San Antonio de Areco)<br \/>\n4\u00b0 Daniel Boaglio (San Pedro)<br \/>\n5\u00b0 Dar\u00edo Neco (Rosario)<\/p>\n<p>Master \u00abB\u00bb<br \/>\n1\u00b0 Diego Seivane (Rosario)<br \/>\n2\u00b0 Rub\u00e9n Gonz\u00e1lez (Z\u00e1rate)<br \/>\n3\u00b0 Juan Pablo Villarruel (San Pedro)<br \/>\n4\u00b0 Pablo Mallo (San Pedro) (Gdor. Insc. Salto)<\/p>\n<p>Promo &#8211; Master \u00abA\u00bb<br \/>\n1\u00b0 Agust\u00edn Basualdo (San Pedro)<br \/>\n2\u00b0 Adri\u00e1n \u00abTato\u00bb Mendoza (San Pedro)<br \/>\n3\u00b0 Cristian Monz\u00f3n (San Pedro)<br \/>\n4\u00b0 Isa\u00edas Abud (Junin)<br \/>\n5\u00b0 Just\u00edn Joachin (La Luisa)<br \/>\n6\u00b0 Mat\u00edas Mallo (San Pedro)<br \/>\n7\u00b0 Juan Jos\u00e9 Paz (San Pedro) (Gdor. Insc. Salto)<br \/>\nGdor. Sprint especiales: Cristian Monz\u00f3n (San Pedro &#8211; Diego Seivane (Rosario).-<\/p>\n","protected":false},"excerpt":{"rendered":"<p>Se llev\u00f3 a cabo la programaci\u00f3n de Pro-Ciclismo en la tarde del s\u00e1bado en el Panor\u00e1mico del Oeste. Atractivas competencias, mantuvieron a los aficionados pendientes a la espera de la principal, que con muy buen n\u00famero de participantes, que desde la orden de largada salieron a los \u00abpalos\u00bb desgranando en varias partes el pelot\u00f3n y [&hellip;]<\/p>\n","protected":false},"author":4,"featured_media":7477,"comment_status":"open","ping_status":"closed","sticky":false,"template":"","format":"standard","meta":{"om_disable_all_campaigns":false,"_jetpack_memberships_contains_paid_content":false,"footnotes":""},"categories":[5],"tags":[],"class_list":["post-7476","post","type-post","status-publish","format-standard","has-post-thumbnail","hentry","category-deportes"],"aioseo_notices":[],"gutentor_comment":0,"jetpack_featured_media_url":"https:\/\/eldiariodesanpedro.com.ar\/sitio\/wp-content\/uploads\/2016\/08\/Deportes-2-8.jpg","jetpack_shortlink":"https:\/\/wp.me\/p6RhLt-1WA","jetpack_sharing_enabled":true,"_links":{"self":[{"href":"https:\/\/eldiariodesanpedro.com.ar\/sitio\/wp-json\/wp\/v2\/posts\/7476","targetHints":{"allow":["GET"]}}],"collection":[{"href":"https:\/\/eldiariodesanpedro.com.ar\/sitio\/wp-json\/wp\/v2\/posts"}],"about":[{"href":"https:\/\/eldiariodesanpedro.com.ar\/sitio\/wp-json\/wp\/v2\/types\/post"}],"author":[{"embeddable":true,"href":"https:\/\/eldiariodesanpedro.com.ar\/sitio\/wp-json\/wp\/v2\/users\/4"}],"replies":[{"embeddable":true,"href":"https:\/\/eldiariodesanpedro.com.ar\/sitio\/wp-json\/wp\/v2\/comments?post=7476"}],"version-history":[{"count":1,"href":"https:\/\/eldiariodesanpedro.com.ar\/sitio\/wp-json\/wp\/v2\/posts\/7476\/revisions"}],"predecessor-version":[{"id":7478,"href":"https:\/\/eldiariodesanpedro.com.ar\/sitio\/wp-json\/wp\/v2\/posts\/7476\/revisions\/7478"}],"wp:featuredmedia":[{"embeddable":true,"href":"https:\/\/eldiariodesanpedro.com.ar\/sitio\/wp-json\/wp\/v2\/media\/7477"}],"wp:attachment":[{"href":"https:\/\/eldiariodesanpedro.com.ar\/sitio\/wp-json\/wp\/v2\/media?parent=7476"}],"wp:term":[{"taxonomy":"category","embeddable":true,"href":"https:\/\/eldiariodesanpedro.com.ar\/sitio\/wp-json\/wp\/v2\/categories?post=7476"},{"taxonomy":"post_tag","embeddable":true,"href":"https:\/\/eldiariodesanpedro.com.ar\/sitio\/wp-json\/wp\/v2\/tags?post=7476"}],"curies":[{"name":"wp","href":"https:\/\/api.w.org\/{rel}","templated":true}]}}