{"id":74740,"date":"2020-06-01T12:31:50","date_gmt":"2020-06-01T15:31:50","guid":{"rendered":"https:\/\/eldiariodesanpedro.com.ar\/sitio\/?p=74740"},"modified":"2020-06-01T12:31:52","modified_gmt":"2020-06-01T15:31:52","slug":"zarate-seis-nuevos-positivos-de-covid-19-y-ya-son-veinte-en-la-localidad","status":"publish","type":"post","link":"https:\/\/eldiariodesanpedro.com.ar\/sitio\/zarate-seis-nuevos-positivos-de-covid-19-y-ya-son-veinte-en-la-localidad\/","title":{"rendered":"Z\u00c1RATE | Seis nuevos positivos de covid-19 y ya son veinte en la localidad"},"content":{"rendered":"<!-- VideographyWP Plugin Message: Automatic video embedding prevented by plugin options. -->\n\n<p>El Municipio de Z\u00e1rate a trav\u00e9s de la Secretar\u00eda de Salud informa en base<br>a las estad\u00edsticas del Sistema Nacional de Vigilancia Sanitario (SNVS) del<br>Sistema Integrado de Informaci\u00f3n Sanitaria Argentino (SISA):<\/p>\n\n\n\n<p><strong>En el d\u00eda domingo se han registrado 6 (seis) nuevos casos positivos para<\/strong> <strong>COVID19. Se trata de una paciente de sexo femenino de 68 a\u00f1os de edad, un<\/strong> <strong>paciente de sexo masculino de 52 a\u00f1os, un paciente de sexo masculino de 19<\/strong> <strong>a\u00f1os, una paciente de sexo femenino de 40 a\u00f1os, un paciente de sexo masculino<\/strong> <strong>de 22 a\u00f1os, una paciente de sexo femenino de 26 a\u00f1os.<\/strong><\/p>\n\n\n\n<p>Se han informado 18 nuevos casos sospechosos de COVID-19:<br>\u2022 Hospital Intermedio Municipal Dr. Ren\u00e9 Favaloro: 9 casos.<br>\u2022 Cl\u00ednica Privada del Carmen: 2 casos<br>\u2022 Hospital Zonal Virgen del Carmen: 4 casos<br>\u2022 Cl\u00ednica Santa Clara: 1 caso.<br>\u2022 Sanatorio Las Lomas: 1 caso.<br>\u2022 Trabajadora de Salud de Operativos en CABA con domicilio en Z\u00e1rate: 1<br>caso.<\/p>\n\n\n\n<p>Se han descartado 8 casos.<br>Pendientes de resultado: 49 casos.<br>Total de casos descartados: 230<br>Al momento se han registrado 20 casos positivos de Coronavirus COVID-19 desde<br>el inicio de la Pandemia declarada por la Organizaci\u00f3n Mundial de la Salud.<br>Se informa adem\u00e1s que de los 20 positivos, 5 pacientes han recibido la condici\u00f3n<br>de alta y uno ha fallecido.<\/p>\n\n\n\n<p>Fuente: <a href=\"http:\/\/impactolocal.com.ar\/2020\/05\/31\/parte-oficial-de-coronavirus-en-zarate-hoy-se-registraron-6-nuevos-casos-positivos\/\">Impacto Local<\/a><\/p>\n","protected":false},"excerpt":{"rendered":"<p>El Municipio de Z\u00e1rate a trav\u00e9s de la Secretar\u00eda de Salud informa en basea las estad\u00edsticas del Sistema Nacional de Vigilancia Sanitario (SNVS) delSistema Integrado de Informaci\u00f3n Sanitaria Argentino (SISA): En el d\u00eda domingo se han registrado 6 (seis) nuevos casos positivos para COVID19. Se trata de una paciente de sexo femenino de 68 a\u00f1os [&hellip;]<\/p>\n","protected":false},"author":4,"featured_media":74741,"comment_status":"open","ping_status":"closed","sticky":false,"template":"","format":"standard","meta":{"om_disable_all_campaigns":false,"_jetpack_memberships_contains_paid_content":false,"footnotes":""},"categories":[621],"tags":[1250,681,707],"class_list":["post-74740","post","type-post","status-publish","format-standard","has-post-thumbnail","hentry","category-regionales","tag-positivos","tag-regionales","tag-zarate"],"aioseo_notices":[],"gutentor_comment":0,"jetpack_featured_media_url":"https:\/\/eldiariodesanpedro.com.ar\/sitio\/wp-content\/uploads\/2020\/06\/Corona2.jpg","jetpack_shortlink":"https:\/\/wp.me\/p6RhLt-jru","jetpack_sharing_enabled":true,"_links":{"self":[{"href":"https:\/\/eldiariodesanpedro.com.ar\/sitio\/wp-json\/wp\/v2\/posts\/74740","targetHints":{"allow":["GET"]}}],"collection":[{"href":"https:\/\/eldiariodesanpedro.com.ar\/sitio\/wp-json\/wp\/v2\/posts"}],"about":[{"href":"https:\/\/eldiariodesanpedro.com.ar\/sitio\/wp-json\/wp\/v2\/types\/post"}],"author":[{"embeddable":true,"href":"https:\/\/eldiariodesanpedro.com.ar\/sitio\/wp-json\/wp\/v2\/users\/4"}],"replies":[{"embeddable":true,"href":"https:\/\/eldiariodesanpedro.com.ar\/sitio\/wp-json\/wp\/v2\/comments?post=74740"}],"version-history":[{"count":1,"href":"https:\/\/eldiariodesanpedro.com.ar\/sitio\/wp-json\/wp\/v2\/posts\/74740\/revisions"}],"predecessor-version":[{"id":74742,"href":"https:\/\/eldiariodesanpedro.com.ar\/sitio\/wp-json\/wp\/v2\/posts\/74740\/revisions\/74742"}],"wp:featuredmedia":[{"embeddable":true,"href":"https:\/\/eldiariodesanpedro.com.ar\/sitio\/wp-json\/wp\/v2\/media\/74741"}],"wp:attachment":[{"href":"https:\/\/eldiariodesanpedro.com.ar\/sitio\/wp-json\/wp\/v2\/media?parent=74740"}],"wp:term":[{"taxonomy":"category","embeddable":true,"href":"https:\/\/eldiariodesanpedro.com.ar\/sitio\/wp-json\/wp\/v2\/categories?post=74740"},{"taxonomy":"post_tag","embeddable":true,"href":"https:\/\/eldiariodesanpedro.com.ar\/sitio\/wp-json\/wp\/v2\/tags?post=74740"}],"curies":[{"name":"wp","href":"https:\/\/api.w.org\/{rel}","templated":true}]}}