{"id":7473,"date":"2016-08-25T11:38:12","date_gmt":"2016-08-25T14:38:12","guid":{"rendered":"https:\/\/eldiariodesanpedro.com.ar\/sitio\/?p=7473"},"modified":"2026-01-24T00:32:43","modified_gmt":"2026-01-24T03:32:43","slug":"el-hospital-recibio-donacion-de-la-liga-de-futbol","status":"publish","type":"post","link":"https:\/\/eldiariodesanpedro.com.ar\/sitio\/el-hospital-recibio-donacion-de-la-liga-de-futbol\/","title":{"rendered":"El Hospital recibi\u00f3 donaci\u00f3n de la Liga de F\u00fatbol"},"content":{"rendered":"<p><!-- VideographyWP Plugin Message: Automatic video embedding prevented by plugin options. --><br \/>\nComo cada a\u00f1o la liga entrega una donaci\u00f3n al Hospital de nuestra ciudad. Fue el pasado lunes en la sesi\u00f3n semanal donde los dirigentes entregaron a las autoridades del nosocomio diversos elementos (grifer\u00edas) que ser\u00e1n destinados a la ampliaci\u00f3n del \u00e1rea de pediatr\u00eda. La liga lo hace en respuesta a los servicios que desde el Hospital \u00abEmilio Ruffa\u00bb se presta a favor de quienes practican f\u00fatbol federado a trav\u00e9s de la Liga Deportiva Sampedrina, se hizo entrega de 12 juegos de implementos para sanitarios.<\/p>\n<p>El Secretario de Salud Dr. Edgar Britos, y el titular de la asesor\u00eda letrada Dr. Ram\u00f3n Salazar, fueron quienes en nombre del municipio recibieron de parte del Presidente liguista Hugo Cejas y el Tesorero Carlos Jaime, junto al Vicepresidente Carlos Garc\u00eda y el Secretario Andr\u00e9s S\u00e1nchez, los implementos donados, y adem\u00e1s de confirmar que todo ser\u00e1 destinado a la continuidad de la obra de ampliaci\u00f3n del \u00e1rea de pediatr\u00eda, tambi\u00e9n informaron a los representantes de los clubes la importancia de poder asistir al curso de Reanimaci\u00f3n Cardio Pulmonar (RCP) que desde el primero de septiembre se dictar\u00e1 para todas las personas involucradas en el f\u00fatbol de la ciudad.<\/p>\n","protected":false},"excerpt":{"rendered":"<p>Como cada a\u00f1o la liga entrega una donaci\u00f3n al Hospital de nuestra ciudad. Fue el pasado lunes en la sesi\u00f3n semanal donde los dirigentes entregaron a las autoridades del nosocomio diversos elementos (grifer\u00edas) que ser\u00e1n destinados a la ampliaci\u00f3n del \u00e1rea de pediatr\u00eda. La liga lo hace en respuesta a los servicios que desde el [&hellip;]<\/p>\n","protected":false},"author":4,"featured_media":7474,"comment_status":"open","ping_status":"closed","sticky":false,"template":"","format":"standard","meta":{"om_disable_all_campaigns":false,"_jetpack_memberships_contains_paid_content":false,"footnotes":""},"categories":[5],"tags":[],"class_list":["post-7473","post","type-post","status-publish","format-standard","has-post-thumbnail","hentry","category-deportes"],"aioseo_notices":[],"gutentor_comment":0,"jetpack_featured_media_url":"https:\/\/eldiariodesanpedro.com.ar\/sitio\/wp-content\/uploads\/2016\/08\/Deportes-1-6.jpg","jetpack_shortlink":"https:\/\/wp.me\/p6RhLt-1Wx","jetpack_sharing_enabled":true,"_links":{"self":[{"href":"https:\/\/eldiariodesanpedro.com.ar\/sitio\/wp-json\/wp\/v2\/posts\/7473","targetHints":{"allow":["GET"]}}],"collection":[{"href":"https:\/\/eldiariodesanpedro.com.ar\/sitio\/wp-json\/wp\/v2\/posts"}],"about":[{"href":"https:\/\/eldiariodesanpedro.com.ar\/sitio\/wp-json\/wp\/v2\/types\/post"}],"author":[{"embeddable":true,"href":"https:\/\/eldiariodesanpedro.com.ar\/sitio\/wp-json\/wp\/v2\/users\/4"}],"replies":[{"embeddable":true,"href":"https:\/\/eldiariodesanpedro.com.ar\/sitio\/wp-json\/wp\/v2\/comments?post=7473"}],"version-history":[{"count":1,"href":"https:\/\/eldiariodesanpedro.com.ar\/sitio\/wp-json\/wp\/v2\/posts\/7473\/revisions"}],"predecessor-version":[{"id":7475,"href":"https:\/\/eldiariodesanpedro.com.ar\/sitio\/wp-json\/wp\/v2\/posts\/7473\/revisions\/7475"}],"wp:featuredmedia":[{"embeddable":true,"href":"https:\/\/eldiariodesanpedro.com.ar\/sitio\/wp-json\/wp\/v2\/media\/7474"}],"wp:attachment":[{"href":"https:\/\/eldiariodesanpedro.com.ar\/sitio\/wp-json\/wp\/v2\/media?parent=7473"}],"wp:term":[{"taxonomy":"category","embeddable":true,"href":"https:\/\/eldiariodesanpedro.com.ar\/sitio\/wp-json\/wp\/v2\/categories?post=7473"},{"taxonomy":"post_tag","embeddable":true,"href":"https:\/\/eldiariodesanpedro.com.ar\/sitio\/wp-json\/wp\/v2\/tags?post=7473"}],"curies":[{"name":"wp","href":"https:\/\/api.w.org\/{rel}","templated":true}]}}