{"id":74708,"date":"2020-06-01T11:07:14","date_gmt":"2020-06-01T14:07:14","guid":{"rendered":"https:\/\/eldiariodesanpedro.com.ar\/sitio\/?p=74708"},"modified":"2020-06-01T11:07:16","modified_gmt":"2020-06-01T14:07:16","slug":"un-aprehendido-por-violacion-de-domicilio","status":"publish","type":"post","link":"https:\/\/eldiariodesanpedro.com.ar\/sitio\/un-aprehendido-por-violacion-de-domicilio\/","title":{"rendered":"Un aprehendido por violaci\u00f3n de domicilio"},"content":{"rendered":"<!-- VideographyWP Plugin Message: Automatic video embedding prevented by plugin options. -->\n\n<p>Este domingo se realiz\u00f3 la aprehensi\u00f3n de un sujeto que ingres\u00f3 en una vivienda de manera violenta para agredir a los moradores.<\/p>\n\n\n\n<p>Este domingo por la tarde la polic\u00eda de nuestra ciudad realiza la aprehensi\u00f3n de un sujeto mayor&nbsp; de edad quien minutos antes hab\u00eda ingresado tras violentar de una patada la puerta de ingreso en una vivienda ubicada en calle San Lorenzo al 2800 para luego agredir a los moradores (ex cu\u00f1ada y su padre) y provocando da\u00f1os en el interior del domicilio.<\/p>\n\n\n\n<p>La v\u00edctima result\u00f3 ilesa y fue acompa\u00f1ada por los efectivos hasta la comisar\u00eda de la mujer para realizar la correspondiente denuncia.<\/p>\n\n\n\n<p>El masculino qued\u00f3 imputado por lesiones contusas por golpes provocados al padre de la v\u00edctima.<\/p>\n","protected":false},"excerpt":{"rendered":"<p>Este domingo se realiz\u00f3 la aprehensi\u00f3n de un sujeto que ingres\u00f3 en una vivienda de manera violenta para agredir a los moradores. Este domingo por la tarde la polic\u00eda de nuestra ciudad realiza la aprehensi\u00f3n de un sujeto mayor&nbsp; de edad quien minutos antes hab\u00eda ingresado tras violentar de una patada la puerta de ingreso [&hellip;]<\/p>\n","protected":false},"author":4,"featured_media":74147,"comment_status":"open","ping_status":"closed","sticky":false,"template":"","format":"standard","meta":{"om_disable_all_campaigns":false,"_jetpack_memberships_contains_paid_content":false,"footnotes":""},"categories":[2,103],"tags":[19,1337],"class_list":["post-74708","post","type-post","status-publish","format-standard","has-post-thumbnail","hentry","category-locales","category-policiales-locales","tag-san-pedro","tag-violacion-de-domicilio"],"aioseo_notices":[],"gutentor_comment":0,"jetpack_featured_media_url":"https:\/\/eldiariodesanpedro.com.ar\/sitio\/wp-content\/uploads\/2020\/05\/detenido.jpg","jetpack_shortlink":"https:\/\/wp.me\/p6RhLt-jqY","jetpack_sharing_enabled":true,"_links":{"self":[{"href":"https:\/\/eldiariodesanpedro.com.ar\/sitio\/wp-json\/wp\/v2\/posts\/74708","targetHints":{"allow":["GET"]}}],"collection":[{"href":"https:\/\/eldiariodesanpedro.com.ar\/sitio\/wp-json\/wp\/v2\/posts"}],"about":[{"href":"https:\/\/eldiariodesanpedro.com.ar\/sitio\/wp-json\/wp\/v2\/types\/post"}],"author":[{"embeddable":true,"href":"https:\/\/eldiariodesanpedro.com.ar\/sitio\/wp-json\/wp\/v2\/users\/4"}],"replies":[{"embeddable":true,"href":"https:\/\/eldiariodesanpedro.com.ar\/sitio\/wp-json\/wp\/v2\/comments?post=74708"}],"version-history":[{"count":1,"href":"https:\/\/eldiariodesanpedro.com.ar\/sitio\/wp-json\/wp\/v2\/posts\/74708\/revisions"}],"predecessor-version":[{"id":74709,"href":"https:\/\/eldiariodesanpedro.com.ar\/sitio\/wp-json\/wp\/v2\/posts\/74708\/revisions\/74709"}],"wp:featuredmedia":[{"embeddable":true,"href":"https:\/\/eldiariodesanpedro.com.ar\/sitio\/wp-json\/wp\/v2\/media\/74147"}],"wp:attachment":[{"href":"https:\/\/eldiariodesanpedro.com.ar\/sitio\/wp-json\/wp\/v2\/media?parent=74708"}],"wp:term":[{"taxonomy":"category","embeddable":true,"href":"https:\/\/eldiariodesanpedro.com.ar\/sitio\/wp-json\/wp\/v2\/categories?post=74708"},{"taxonomy":"post_tag","embeddable":true,"href":"https:\/\/eldiariodesanpedro.com.ar\/sitio\/wp-json\/wp\/v2\/tags?post=74708"}],"curies":[{"name":"wp","href":"https:\/\/api.w.org\/{rel}","templated":true}]}}