{"id":74699,"date":"2020-06-01T10:46:11","date_gmt":"2020-06-01T13:46:11","guid":{"rendered":"https:\/\/eldiariodesanpedro.com.ar\/sitio\/?p=74699"},"modified":"2020-06-01T10:46:13","modified_gmt":"2020-06-01T13:46:13","slug":"sentida-despedida-del-club-parana-a-carlitos-perez","status":"publish","type":"post","link":"https:\/\/eldiariodesanpedro.com.ar\/sitio\/sentida-despedida-del-club-parana-a-carlitos-perez\/","title":{"rendered":"Sentida despedida del Club Paran\u00e1 a Carlitos Perez"},"content":{"rendered":"<!-- VideographyWP Plugin Message: Automatic video embedding prevented by plugin options. -->\n\n<p>Este domingo la sociedad de San Pedro tuvo la triste noticia del fallecimiento del carism\u00e1tico y querido Carlos Perez, hincha fan\u00e1tico del Club Paran\u00e1 de nuestra ciudad.<\/p>\n\n\n\n<p>A los 70  perdi\u00f3 la vida tras luchar varios a\u00f1os contra el c\u00e1ncer.<\/p>\n\n\n\n<p>Esta ma\u00f1ana de lunes alrededor de las 9:15 hs antes de su sepelio en el cementerio local fue traslado hasta las puertas del club de sus amores. <\/p>\n\n\n\n<p>Reconocido comerciante propietario de la parrilla Carlitos y su Sue\u00f1o en cercan\u00edas del Barrio Fonavi y muy querido por todos los vecinos.<\/p>\n\n\n\n<figure class=\"wp-block-image size-large\"><img decoding=\"async\" width=\"585\" height=\"591\" data-attachment-id=\"74704\" data-permalink=\"https:\/\/eldiariodesanpedro.com.ar\/sitio\/sentida-despedida-del-club-parana-a-carlitos-perez\/49446088_390239671728127_5469237970638733312_n\/\" data-orig-file=\"https:\/\/eldiariodesanpedro.com.ar\/sitio\/wp-content\/uploads\/2020\/06\/49446088_390239671728127_5469237970638733312_n.jpg\" data-orig-size=\"585,591\" data-comments-opened=\"1\" data-image-meta=\"{&quot;aperture&quot;:&quot;0&quot;,&quot;credit&quot;:&quot;&quot;,&quot;camera&quot;:&quot;&quot;,&quot;caption&quot;:&quot;&quot;,&quot;created_timestamp&quot;:&quot;0&quot;,&quot;copyright&quot;:&quot;&quot;,&quot;focal_length&quot;:&quot;0&quot;,&quot;iso&quot;:&quot;0&quot;,&quot;shutter_speed&quot;:&quot;0&quot;,&quot;title&quot;:&quot;&quot;,&quot;orientation&quot;:&quot;0&quot;}\" data-image-title=\"49446088_390239671728127_5469237970638733312_n\" data-image-description=\"\" data-image-caption=\"\" data-large-file=\"https:\/\/eldiariodesanpedro.com.ar\/sitio\/wp-content\/uploads\/2020\/06\/49446088_390239671728127_5469237970638733312_n.jpg\" data-src=\"https:\/\/eldiariodesanpedro.com.ar\/sitio\/wp-content\/uploads\/2020\/06\/49446088_390239671728127_5469237970638733312_n.jpg\" alt=\"\" class=\"wp-image-74704 lazyload\" data-srcset=\"https:\/\/eldiariodesanpedro.com.ar\/sitio\/wp-content\/uploads\/2020\/06\/49446088_390239671728127_5469237970638733312_n.jpg 585w, https:\/\/eldiariodesanpedro.com.ar\/sitio\/wp-content\/uploads\/2020\/06\/49446088_390239671728127_5469237970638733312_n-297x300.jpg 297w\" data-sizes=\"(max-width: 585px) 100vw, 585px\" src=\"data:image\/svg+xml;base64,PHN2ZyB3aWR0aD0iMSIgaGVpZ2h0PSIxIiB4bWxucz0iaHR0cDovL3d3dy53My5vcmcvMjAwMC9zdmciPjwvc3ZnPg==\" style=\"--smush-placeholder-width: 585px; --smush-placeholder-aspect-ratio: 585\/591;\" \/><\/figure>\n","protected":false},"excerpt":{"rendered":"<p>Este domingo la sociedad de San Pedro tuvo la triste noticia del fallecimiento del carism\u00e1tico y querido Carlos Perez, hincha fan\u00e1tico del Club Paran\u00e1 de nuestra ciudad. A los 70 perdi\u00f3 la vida tras luchar varios a\u00f1os contra el c\u00e1ncer. Esta ma\u00f1ana de lunes alrededor de las 9:15 hs antes de su sepelio en el [&hellip;]<\/p>\n","protected":false},"author":4,"featured_media":74697,"comment_status":"open","ping_status":"closed","sticky":false,"template":"","format":"standard","meta":{"om_disable_all_campaigns":false,"_jetpack_memberships_contains_paid_content":false,"footnotes":""},"categories":[101,2],"tags":[197,1031,33,19],"class_list":["post-74699","post","type-post","status-publish","format-standard","has-post-thumbnail","hentry","category-interes-general-locales","category-locales","tag-buenos-aires","tag-interes-general-2","tag-locales","tag-san-pedro"],"aioseo_notices":[],"gutentor_comment":4,"jetpack_featured_media_url":"https:\/\/eldiariodesanpedro.com.ar\/sitio\/wp-content\/uploads\/2020\/06\/20200601_091525-scaled-e1591018709755.jpg","jetpack_shortlink":"https:\/\/wp.me\/p6RhLt-jqP","jetpack_sharing_enabled":true,"_links":{"self":[{"href":"https:\/\/eldiariodesanpedro.com.ar\/sitio\/wp-json\/wp\/v2\/posts\/74699","targetHints":{"allow":["GET"]}}],"collection":[{"href":"https:\/\/eldiariodesanpedro.com.ar\/sitio\/wp-json\/wp\/v2\/posts"}],"about":[{"href":"https:\/\/eldiariodesanpedro.com.ar\/sitio\/wp-json\/wp\/v2\/types\/post"}],"author":[{"embeddable":true,"href":"https:\/\/eldiariodesanpedro.com.ar\/sitio\/wp-json\/wp\/v2\/users\/4"}],"replies":[{"embeddable":true,"href":"https:\/\/eldiariodesanpedro.com.ar\/sitio\/wp-json\/wp\/v2\/comments?post=74699"}],"version-history":[{"count":2,"href":"https:\/\/eldiariodesanpedro.com.ar\/sitio\/wp-json\/wp\/v2\/posts\/74699\/revisions"}],"predecessor-version":[{"id":74705,"href":"https:\/\/eldiariodesanpedro.com.ar\/sitio\/wp-json\/wp\/v2\/posts\/74699\/revisions\/74705"}],"wp:featuredmedia":[{"embeddable":true,"href":"https:\/\/eldiariodesanpedro.com.ar\/sitio\/wp-json\/wp\/v2\/media\/74697"}],"wp:attachment":[{"href":"https:\/\/eldiariodesanpedro.com.ar\/sitio\/wp-json\/wp\/v2\/media?parent=74699"}],"wp:term":[{"taxonomy":"category","embeddable":true,"href":"https:\/\/eldiariodesanpedro.com.ar\/sitio\/wp-json\/wp\/v2\/categories?post=74699"},{"taxonomy":"post_tag","embeddable":true,"href":"https:\/\/eldiariodesanpedro.com.ar\/sitio\/wp-json\/wp\/v2\/tags?post=74699"}],"curies":[{"name":"wp","href":"https:\/\/api.w.org\/{rel}","templated":true}]}}