{"id":74688,"date":"2020-05-31T17:17:25","date_gmt":"2020-05-31T20:17:25","guid":{"rendered":"https:\/\/eldiariodesanpedro.com.ar\/sitio\/?p=74688"},"modified":"2020-05-31T17:18:02","modified_gmt":"2020-05-31T20:18:02","slug":"campana-covid-19-para-algunos-6-recuperados-son-pocos-para-ellos-significa-la-vida","status":"publish","type":"post","link":"https:\/\/eldiariodesanpedro.com.ar\/sitio\/campana-covid-19-para-algunos-6-recuperados-son-pocos-para-ellos-significa-la-vida\/","title":{"rendered":"CAMPANA | COVID-19: Para algunos, 6 recuperados son pocos; para ellos, significa la vida"},"content":{"rendered":"<!-- VideographyWP Plugin Message: Automatic video embedding prevented by plugin options. -->\n\n<p>Mas all\u00e1 de la frialdad de la matem\u00e1tica y la estad\u00edstica, n\u00fameros que invitan a pensar en no bajar los brazos, en seguir combatiendo la pandemia, en que al final todo pasar\u00e1 y deberemos contar con la menor cantidad de \u201cbajas\u201d posibles, al fin y al cabo, estamos en \u201cguerra\u201d contra el Coronavirus.<\/p>\n\n\n\n<p>Estamos midiendo por estos d\u00edas, y 24hs a 24hs, la cantidad de casos positivos, los que se suman seg\u00fan edades, las caracter\u00edsticas del contagio, la obra social o sistema sanitario p\u00fablico, y lamentablemente los que ya no estar\u00e1n entre nosotros\u2026<\/p>\n\n\n\n<p>Pero, dejamos por momentos de lado un dato estad\u00edstico que de fr\u00edo como todo n\u00famero ensimismo, tiene el calor del abrazo del coraz\u00f3n de los familiares y del propio protagonista-paciente: el positivo recuperado.<br>Veamos y vayamos de atr\u00e1s para adelante:<\/p>\n\n\n\n<p>Desde el inicio de la pandemia, hace tiempo ya, y su llegada a estas latitudes, el primer \u201cPate Diario\u201d difundido por la Secretar\u00eda de Salud Municipal, con pacientes recuperados datar\u00eda del 28 de abril: total 2 pacientes.<\/p>\n\n\n\n<p>Entonces, para \u201csumar fuerzas positivas\u201d empezamos a analizar y all\u00e1 por el\u00a06 de mayo, un nuevo paciente recuperado: un vecino que trabaja en una empresa de Z\u00e1rate, en el \u00e1rea de seguridad,\u00a0cuyo \u201cpositivo\u201d fue conocido luego de haberse realizado el test en un laboratorio privado, no habiendo pasado por el sistema sanitario local.<\/p>\n\n\n\n<p>El cuarto paciente recuperado fue anunciado oficialmente en el \u201cParte Diario\u201d del jueves 7 de mayo, cuando el registro de casos positivos actuales quedaba en 0.<\/p>\n\n\n\n<p>Mientras que\u00a0el \u00faltimo viernes de mayo, las Autoridades Sanitarias campanenses dieron cuenta p\u00fablica y oficialmente de 2 dos recuperaciones, para elevar el n\u00famero general a 6.<\/p>\n\n\n\n<p>Para algunos, n\u00fameros que reflejan poco. Para otros, para los pacientes, para su gente, nada m\u00e1s y nada menos que la vida misma.<\/p>\n\n\n\n<p>Fuente: <a href=\"https:\/\/www.campananoticias.com\/noticia\/61180\/covid-19-para-algunos-6-recuperados-son-pocos-para-ellos-significa-la-vida\">Campana Noticias<\/a><\/p>\n","protected":false},"excerpt":{"rendered":"<p>Mas all\u00e1 de la frialdad de la matem\u00e1tica y la estad\u00edstica, n\u00fameros que invitan a pensar en no bajar los brazos, en seguir combatiendo la pandemia, en que al final todo pasar\u00e1 y deberemos contar con la menor cantidad de \u201cbajas\u201d posibles, al fin y al cabo, estamos en \u201cguerra\u201d contra el Coronavirus. Estamos midiendo [&hellip;]<\/p>\n","protected":false},"author":4,"featured_media":74689,"comment_status":"open","ping_status":"closed","sticky":false,"template":"","format":"standard","meta":{"om_disable_all_campaigns":false,"_jetpack_memberships_contains_paid_content":false,"footnotes":""},"categories":[621],"tags":[686,808,681],"class_list":["post-74688","post","type-post","status-publish","format-standard","has-post-thumbnail","hentry","category-regionales","tag-campana-2","tag-coronavirus","tag-regionales"],"aioseo_notices":[],"gutentor_comment":0,"jetpack_featured_media_url":"https:\/\/eldiariodesanpedro.com.ar\/sitio\/wp-content\/uploads\/2020\/05\/20200530031612.jpg","jetpack_shortlink":"https:\/\/wp.me\/p6RhLt-jqE","jetpack_sharing_enabled":true,"_links":{"self":[{"href":"https:\/\/eldiariodesanpedro.com.ar\/sitio\/wp-json\/wp\/v2\/posts\/74688","targetHints":{"allow":["GET"]}}],"collection":[{"href":"https:\/\/eldiariodesanpedro.com.ar\/sitio\/wp-json\/wp\/v2\/posts"}],"about":[{"href":"https:\/\/eldiariodesanpedro.com.ar\/sitio\/wp-json\/wp\/v2\/types\/post"}],"author":[{"embeddable":true,"href":"https:\/\/eldiariodesanpedro.com.ar\/sitio\/wp-json\/wp\/v2\/users\/4"}],"replies":[{"embeddable":true,"href":"https:\/\/eldiariodesanpedro.com.ar\/sitio\/wp-json\/wp\/v2\/comments?post=74688"}],"version-history":[{"count":2,"href":"https:\/\/eldiariodesanpedro.com.ar\/sitio\/wp-json\/wp\/v2\/posts\/74688\/revisions"}],"predecessor-version":[{"id":74691,"href":"https:\/\/eldiariodesanpedro.com.ar\/sitio\/wp-json\/wp\/v2\/posts\/74688\/revisions\/74691"}],"wp:featuredmedia":[{"embeddable":true,"href":"https:\/\/eldiariodesanpedro.com.ar\/sitio\/wp-json\/wp\/v2\/media\/74689"}],"wp:attachment":[{"href":"https:\/\/eldiariodesanpedro.com.ar\/sitio\/wp-json\/wp\/v2\/media?parent=74688"}],"wp:term":[{"taxonomy":"category","embeddable":true,"href":"https:\/\/eldiariodesanpedro.com.ar\/sitio\/wp-json\/wp\/v2\/categories?post=74688"},{"taxonomy":"post_tag","embeddable":true,"href":"https:\/\/eldiariodesanpedro.com.ar\/sitio\/wp-json\/wp\/v2\/tags?post=74688"}],"curies":[{"name":"wp","href":"https:\/\/api.w.org\/{rel}","templated":true}]}}