{"id":74684,"date":"2020-05-31T17:15:12","date_gmt":"2020-05-31T20:15:12","guid":{"rendered":"https:\/\/eldiariodesanpedro.com.ar\/sitio\/?p=74684"},"modified":"2020-05-31T17:15:15","modified_gmt":"2020-05-31T20:15:15","slug":"san-nicolas-movil-policial-colisiono-con-un-auto-en-zona-oeste","status":"publish","type":"post","link":"https:\/\/eldiariodesanpedro.com.ar\/sitio\/san-nicolas-movil-policial-colisiono-con-un-auto-en-zona-oeste\/","title":{"rendered":"SAN NICOL\u00c1S | M\u00f3vil policial colision\u00f3 con un auto en zona oeste"},"content":{"rendered":"<!-- VideographyWP Plugin Message: Automatic video embedding prevented by plugin options. -->\n\n<p>El hecho ocurri\u00f3 este viernes en calle Reynoso y San Juan. El patrullero, con dos efectivos de la Polic\u00eda Local, se encontraba siguiendo a otro veh\u00edculo cuando impact\u00f3 de frente con un Peugeot 504.<\/p>\n\n\n\n<p>Tanto los dos numerarios policiales, como las dos personas que iban a bordo del otro auto, sufrieron politraumatismos y fueron derivados al Hospital San Felipe.<\/p>\n\n\n\n<p>Se labraron actuaciones por Lesiones Culposas.<\/p>\n\n\n\n<p>Fuente: <a href=\"http:\/\/www.diarioelinformante.com.ar\/nota-57594_mvil-policial-colision-con-un-auto-en-zona-oeste\">Diario El Informante<\/a><\/p>\n","protected":false},"excerpt":{"rendered":"<p>El hecho ocurri\u00f3 este viernes en calle Reynoso y San Juan. El patrullero, con dos efectivos de la Polic\u00eda Local, se encontraba siguiendo a otro veh\u00edculo cuando impact\u00f3 de frente con un Peugeot 504. Tanto los dos numerarios policiales, como las dos personas que iban a bordo del otro auto, sufrieron politraumatismos y fueron derivados [&hellip;]<\/p>\n","protected":false},"author":4,"featured_media":74686,"comment_status":"open","ping_status":"closed","sticky":false,"template":"","format":"standard","meta":{"om_disable_all_campaigns":false,"_jetpack_memberships_contains_paid_content":false,"footnotes":""},"categories":[2],"tags":[],"class_list":["post-74684","post","type-post","status-publish","format-standard","has-post-thumbnail","hentry","category-locales"],"aioseo_notices":[],"gutentor_comment":0,"jetpack_featured_media_url":"https:\/\/eldiariodesanpedro.com.ar\/sitio\/wp-content\/uploads\/2020\/05\/Sin-t\u00edtulo-2-3.png","jetpack_shortlink":"https:\/\/wp.me\/p6RhLt-jqA","jetpack_sharing_enabled":true,"_links":{"self":[{"href":"https:\/\/eldiariodesanpedro.com.ar\/sitio\/wp-json\/wp\/v2\/posts\/74684","targetHints":{"allow":["GET"]}}],"collection":[{"href":"https:\/\/eldiariodesanpedro.com.ar\/sitio\/wp-json\/wp\/v2\/posts"}],"about":[{"href":"https:\/\/eldiariodesanpedro.com.ar\/sitio\/wp-json\/wp\/v2\/types\/post"}],"author":[{"embeddable":true,"href":"https:\/\/eldiariodesanpedro.com.ar\/sitio\/wp-json\/wp\/v2\/users\/4"}],"replies":[{"embeddable":true,"href":"https:\/\/eldiariodesanpedro.com.ar\/sitio\/wp-json\/wp\/v2\/comments?post=74684"}],"version-history":[{"count":1,"href":"https:\/\/eldiariodesanpedro.com.ar\/sitio\/wp-json\/wp\/v2\/posts\/74684\/revisions"}],"predecessor-version":[{"id":74687,"href":"https:\/\/eldiariodesanpedro.com.ar\/sitio\/wp-json\/wp\/v2\/posts\/74684\/revisions\/74687"}],"wp:featuredmedia":[{"embeddable":true,"href":"https:\/\/eldiariodesanpedro.com.ar\/sitio\/wp-json\/wp\/v2\/media\/74686"}],"wp:attachment":[{"href":"https:\/\/eldiariodesanpedro.com.ar\/sitio\/wp-json\/wp\/v2\/media?parent=74684"}],"wp:term":[{"taxonomy":"category","embeddable":true,"href":"https:\/\/eldiariodesanpedro.com.ar\/sitio\/wp-json\/wp\/v2\/categories?post=74684"},{"taxonomy":"post_tag","embeddable":true,"href":"https:\/\/eldiariodesanpedro.com.ar\/sitio\/wp-json\/wp\/v2\/tags?post=74684"}],"curies":[{"name":"wp","href":"https:\/\/api.w.org\/{rel}","templated":true}]}}