{"id":74671,"date":"2020-05-31T16:39:23","date_gmt":"2020-05-31T19:39:23","guid":{"rendered":"https:\/\/eldiariodesanpedro.com.ar\/sitio\/?p=74671"},"modified":"2020-05-31T16:39:25","modified_gmt":"2020-05-31T19:39:25","slug":"zarate-un-nuevo-caso-positivo-de-coronavirus-los-pacientes-en-tratamiento-son-ocho","status":"publish","type":"post","link":"https:\/\/eldiariodesanpedro.com.ar\/sitio\/zarate-un-nuevo-caso-positivo-de-coronavirus-los-pacientes-en-tratamiento-son-ocho\/","title":{"rendered":"Z\u00c1RATE | Un nuevo caso positivo de Coronavirus, los pacientes en tratamiento son ocho"},"content":{"rendered":"<!-- VideographyWP Plugin Message: Automatic video embedding prevented by plugin options. -->\n\n<p>El Municipio de Z\u00e1rate a trav\u00e9s de la Secretar\u00eda de Salud informa en base<br>a las estad\u00edsticas del Sistema Nacional de Vigilancia Sanitario (SNVS) del<br>Sistema Integrado de Informaci\u00f3n Sanitaria Argentino (SISA): En el d\u00eda de la fecha se ha registrado un nuevo caso positivo para COVID19. Se trata de un paciente de 37 a\u00f1os, que se encuentra internado en la Cl\u00ednica Privada del Carmen.<\/p>\n\n\n\n<p>Se han informado 13 nuevos casos sospechosos de COVID-19:<br>\u2022 Hospital Intermedio Municipal Dr. Ren\u00e9 Favaloro: 1 caso.<br>\u2022 Cl\u00ednica Privada del Carmen: 4 casos<br>\u2022 Hospital Zonal Virgen del Carmen: 5 casos<br>\u2022 Cl\u00ednica Santa Clara: 1 caso.<br>\u2022 Centro M\u00e9dico Talar: 1 caso.<br>\u2022 Hospital San Jos\u00e9: 1 caso.<br>Se han descartado 5 casos.<br>Pendientes de resultado: 45 casos.<br>Total descartados: 230.<\/p>\n\n\n\n<p>Al momento se han registrado 14 casos positivos de Coronavirus COVID-19<br>desde el inicio de la Pandemia declarada por la Organizaci\u00f3n Mundial de la<br>Salud.<\/p>\n\n\n\n<p>Se informa adem\u00e1s que de los 14 positivos, 5 pacientes han recibido la condici\u00f3n<\/p>\n\n\n\n<p>Fuente: <a href=\"http:\/\/impactolocal.com.ar\/2020\/05\/30\/un-nuevo-caso-positivo-de-coronavirus-en-zarate-los-pacientes-en-tratamiento-son-ocho\/\">Impacto Local<\/a><\/p>\n","protected":false},"excerpt":{"rendered":"<p>El Municipio de Z\u00e1rate a trav\u00e9s de la Secretar\u00eda de Salud informa en basea las estad\u00edsticas del Sistema Nacional de Vigilancia Sanitario (SNVS) delSistema Integrado de Informaci\u00f3n Sanitaria Argentino (SISA): En el d\u00eda de la fecha se ha registrado un nuevo caso positivo para COVID19. Se trata de un paciente de 37 a\u00f1os, que se [&hellip;]<\/p>\n","protected":false},"author":4,"featured_media":74672,"comment_status":"open","ping_status":"closed","sticky":false,"template":"","format":"standard","meta":{"om_disable_all_campaigns":false,"_jetpack_memberships_contains_paid_content":false,"footnotes":""},"categories":[621],"tags":[197,808,681,707],"class_list":["post-74671","post","type-post","status-publish","format-standard","has-post-thumbnail","hentry","category-regionales","tag-buenos-aires","tag-coronavirus","tag-regionales","tag-zarate"],"aioseo_notices":[],"gutentor_comment":0,"jetpack_featured_media_url":"https:\/\/eldiariodesanpedro.com.ar\/sitio\/wp-content\/uploads\/2020\/05\/clinica-carmen-1.jpg","jetpack_shortlink":"https:\/\/wp.me\/p6RhLt-jqn","jetpack_sharing_enabled":true,"_links":{"self":[{"href":"https:\/\/eldiariodesanpedro.com.ar\/sitio\/wp-json\/wp\/v2\/posts\/74671","targetHints":{"allow":["GET"]}}],"collection":[{"href":"https:\/\/eldiariodesanpedro.com.ar\/sitio\/wp-json\/wp\/v2\/posts"}],"about":[{"href":"https:\/\/eldiariodesanpedro.com.ar\/sitio\/wp-json\/wp\/v2\/types\/post"}],"author":[{"embeddable":true,"href":"https:\/\/eldiariodesanpedro.com.ar\/sitio\/wp-json\/wp\/v2\/users\/4"}],"replies":[{"embeddable":true,"href":"https:\/\/eldiariodesanpedro.com.ar\/sitio\/wp-json\/wp\/v2\/comments?post=74671"}],"version-history":[{"count":1,"href":"https:\/\/eldiariodesanpedro.com.ar\/sitio\/wp-json\/wp\/v2\/posts\/74671\/revisions"}],"predecessor-version":[{"id":74673,"href":"https:\/\/eldiariodesanpedro.com.ar\/sitio\/wp-json\/wp\/v2\/posts\/74671\/revisions\/74673"}],"wp:featuredmedia":[{"embeddable":true,"href":"https:\/\/eldiariodesanpedro.com.ar\/sitio\/wp-json\/wp\/v2\/media\/74672"}],"wp:attachment":[{"href":"https:\/\/eldiariodesanpedro.com.ar\/sitio\/wp-json\/wp\/v2\/media?parent=74671"}],"wp:term":[{"taxonomy":"category","embeddable":true,"href":"https:\/\/eldiariodesanpedro.com.ar\/sitio\/wp-json\/wp\/v2\/categories?post=74671"},{"taxonomy":"post_tag","embeddable":true,"href":"https:\/\/eldiariodesanpedro.com.ar\/sitio\/wp-json\/wp\/v2\/tags?post=74671"}],"curies":[{"name":"wp","href":"https:\/\/api.w.org\/{rel}","templated":true}]}}