{"id":74668,"date":"2020-05-31T16:35:48","date_gmt":"2020-05-31T19:35:48","guid":{"rendered":"https:\/\/eldiariodesanpedro.com.ar\/sitio\/?p=74668"},"modified":"2020-05-31T16:35:50","modified_gmt":"2020-05-31T19:35:50","slug":"campana-caballeria-detecto-una-misa-clandestina-en-barrio-lubo","status":"publish","type":"post","link":"https:\/\/eldiariodesanpedro.com.ar\/sitio\/campana-caballeria-detecto-una-misa-clandestina-en-barrio-lubo\/","title":{"rendered":"CAMPANA | Caballer\u00eda detect\u00f3 una misa clandestina en barrio Lubo"},"content":{"rendered":"<!-- VideographyWP Plugin Message: Automatic video embedding prevented by plugin options. -->\n\n<p><strong><em>Era ofrecida por un pastor evangelista \u2013ex polic\u00eda- que ven\u00eda de Moreno. Estaba acompa\u00f1ado por un efectivo de Prefectura que tampoco era de Campana.<\/em><\/strong><\/p>\n\n\n\n<p>Efectivos del Escuadr\u00f3n de Caballer\u00eda detectaron ayer por la noche una misa clandestina en una iglesia Evang\u00e9lica en el barrio Lubo y procedieron a identificar a unas 15 personas por violaci\u00f3n del aislamiento.<\/p>\n\n\n\n<p>Personal que transitaba por el barrio advirti\u00f3 que en el interior de un templo ubicado en la calle Pedro Omar y R\u00edo Negro se estaba realizando una ceremonia religiosa, hecho que no est\u00e1 habilitado por el aislamiento social, preventivo y obligatorio.<\/p>\n\n\n\n<p>En el interior del lugar se encontraron con un pastor que provendr\u00eda de la zona de Moreno, quien estaba junto otro ayudante, efectivo de Prefectura, tambi\u00e9n con domicilio fuera de Campana.<\/p>\n\n\n\n<p>El pastor ser\u00eda ex Polic\u00eda, por lo que se supone que utilizar\u00eda esa condici\u00f3n para llegar hasta Campana, pasando los controles vehiculares.<\/p>\n\n\n\n<p>Se dio intervenci\u00f3n al Juzgado Federal de Campana y personal Municipal clausur\u00f3 el templo.<\/p>\n\n\n\n<p>Fuente: <a href=\"http:\/\/www.laautenticadefensa.net\/170798\">La Autentica Defensa<\/a><\/p>\n","protected":false},"excerpt":{"rendered":"<p>Era ofrecida por un pastor evangelista \u2013ex polic\u00eda- que ven\u00eda de Moreno. Estaba acompa\u00f1ado por un efectivo de Prefectura que tampoco era de Campana. Efectivos del Escuadr\u00f3n de Caballer\u00eda detectaron ayer por la noche una misa clandestina en una iglesia Evang\u00e9lica en el barrio Lubo y procedieron a identificar a unas 15 personas por violaci\u00f3n [&hellip;]<\/p>\n","protected":false},"author":4,"featured_media":74669,"comment_status":"open","ping_status":"closed","sticky":false,"template":"","format":"standard","meta":{"om_disable_all_campaigns":false,"_jetpack_memberships_contains_paid_content":false,"footnotes":""},"categories":[621],"tags":[197,1333,681],"class_list":["post-74668","post","type-post","status-publish","format-standard","has-post-thumbnail","hentry","category-regionales","tag-buenos-aires","tag-iglesia","tag-regionales"],"aioseo_notices":[],"gutentor_comment":0,"jetpack_featured_media_url":"https:\/\/eldiariodesanpedro.com.ar\/sitio\/wp-content\/uploads\/2020\/05\/200531-6.jpg","jetpack_shortlink":"https:\/\/wp.me\/p6RhLt-jqk","jetpack_sharing_enabled":true,"_links":{"self":[{"href":"https:\/\/eldiariodesanpedro.com.ar\/sitio\/wp-json\/wp\/v2\/posts\/74668","targetHints":{"allow":["GET"]}}],"collection":[{"href":"https:\/\/eldiariodesanpedro.com.ar\/sitio\/wp-json\/wp\/v2\/posts"}],"about":[{"href":"https:\/\/eldiariodesanpedro.com.ar\/sitio\/wp-json\/wp\/v2\/types\/post"}],"author":[{"embeddable":true,"href":"https:\/\/eldiariodesanpedro.com.ar\/sitio\/wp-json\/wp\/v2\/users\/4"}],"replies":[{"embeddable":true,"href":"https:\/\/eldiariodesanpedro.com.ar\/sitio\/wp-json\/wp\/v2\/comments?post=74668"}],"version-history":[{"count":1,"href":"https:\/\/eldiariodesanpedro.com.ar\/sitio\/wp-json\/wp\/v2\/posts\/74668\/revisions"}],"predecessor-version":[{"id":74670,"href":"https:\/\/eldiariodesanpedro.com.ar\/sitio\/wp-json\/wp\/v2\/posts\/74668\/revisions\/74670"}],"wp:featuredmedia":[{"embeddable":true,"href":"https:\/\/eldiariodesanpedro.com.ar\/sitio\/wp-json\/wp\/v2\/media\/74669"}],"wp:attachment":[{"href":"https:\/\/eldiariodesanpedro.com.ar\/sitio\/wp-json\/wp\/v2\/media?parent=74668"}],"wp:term":[{"taxonomy":"category","embeddable":true,"href":"https:\/\/eldiariodesanpedro.com.ar\/sitio\/wp-json\/wp\/v2\/categories?post=74668"},{"taxonomy":"post_tag","embeddable":true,"href":"https:\/\/eldiariodesanpedro.com.ar\/sitio\/wp-json\/wp\/v2\/tags?post=74668"}],"curies":[{"name":"wp","href":"https:\/\/api.w.org\/{rel}","templated":true}]}}