{"id":74665,"date":"2020-05-31T16:31:58","date_gmt":"2020-05-31T19:31:58","guid":{"rendered":"https:\/\/eldiariodesanpedro.com.ar\/sitio\/?p=74665"},"modified":"2020-05-31T16:32:00","modified_gmt":"2020-05-31T19:32:00","slug":"campana-coronavirus-el-test-del-intendente-abella-dio-negativo","status":"publish","type":"post","link":"https:\/\/eldiariodesanpedro.com.ar\/sitio\/campana-coronavirus-el-test-del-intendente-abella-dio-negativo\/","title":{"rendered":"CAMPANA | Coronavirus: el test del intendente Abella dio negativo"},"content":{"rendered":"<!-- VideographyWP Plugin Message: Automatic video embedding prevented by plugin options. -->\n\n<p>El resultado se conoci\u00f3 a \u00faltima hora de ayer. Se confirm\u00f3 un \u00fanico caso positivo en la ciudad, correspondiente a la funcionaria municipal que hab\u00eda mantenido contacto estrecho con el jefe comunal que motiv\u00f3 su an\u00e1lisis.<\/p>\n\n\n\n<p>A \u00faltima hora de ayer se confirm\u00f3 que result\u00f3 negativo el hisopado que el intendente Sebasti\u00e1n Abella se realiz\u00f3 el viernes por la ma\u00f1ana en el Hospital San Jos\u00e9 luego que \u00abun contacto estrecho de un colaborador diera positivo\u00bb, tal como hab\u00eda informado en aquella jornada.<\/p>\n\n\n\n<p>\u00abGracias a los cientos de vecinos que me mandaron mensajes de aliento. Sigamos cuid\u00e1ndonos entre todos\u00bb, escribi\u00f3 anoche el jefe comunal en su cuenta de Facebook.<\/p>\n\n\n\n<p>En tanto, en su \u00abInforme Diario\u00bb, la Municipalidad de Campana confirm\u00f3 ayer un nuevo positivo de coronavirus en nuestra ciudad. De esta manera, la cantidad de casos acumulados desde que se dispar\u00f3 la pandemia lleg\u00f3 a 41 en el distrito: 32 de ellos se encuentran activos, mientras que los 9 restantes se dividen en 6 recuperados y 3 fallecidos.<\/p>\n\n\n\n<p>El contagio informado ayer corresponde a una funcionaria municipal que era sospechosa por un positivo de un \u00abcontacto estrecho\u00bb y que hab\u00eda compartido actividades con el intendente Abella. Esta situaci\u00f3n fue la que motiv\u00f3 que el jefe comunal se sometiera al test que finalmente anoche le dio negativo.<\/p>\n\n\n\n<p>Con los n\u00fameros brindados en las \u00faltimas 48 horas, el saldo local actual ha quedado nivelado, dado que se han sumado dos contagios (uno el viernes y otro el s\u00e1bado) y se ha informado la recuperaci\u00f3n de dos pacientes. Por ello, la cantidad de casos en curso ha vuelto a ser de 32.<\/p>\n\n\n\n<p>Los dos positivos que se sumaron corresponden ambos a mujeres de entre 30 y 39 a\u00f1os, la franja etaria que ha entregado m\u00e1s casos en Campana (9 del total de 41). En tanto, los pacientes que recibieron el alta se encontraban bajo seguimiento de nosocomios privados (uno en Cl\u00ednica Delta y el otro en el Sanatorio Vandor de la Uni\u00f3n Obrera Metal\u00fargica).<\/p>\n\n\n\n<p>Ambos recuperados fueron informados el viernes. Ya ten\u00edan un primer resultado de su test PCR negativo y en dicha jornada recibieron el resultado del segundo test consecutivo que se les realiz\u00f3. Es que, de acuerdo a los protocolos vigentes, se necesitan dos resultados negativos para considerar que un paciente super\u00f3 el virus.<\/p>\n\n\n\n<p>En tanto, en Z\u00e1rate ayer se sum\u00f3 un nuevo contagio: un hombre de 37 a\u00f1os que se encuentra internado en la Cl\u00ednica del Carmen. De esa manera, en la vecina ciudad se acumulan ahora un total de 14 casos de coronavirus desde que comenz\u00f3 la pandemia, aunque son 8 los activos actualmente.<\/p>\n\n\n\n<p>Fuente: <a href=\"http:\/\/www.laautenticadefensa.net\/170792\">La Autentica Defensa<\/a><\/p>\n","protected":false},"excerpt":{"rendered":"<p>El resultado se conoci\u00f3 a \u00faltima hora de ayer. Se confirm\u00f3 un \u00fanico caso positivo en la ciudad, correspondiente a la funcionaria municipal que hab\u00eda mantenido contacto estrecho con el jefe comunal que motiv\u00f3 su an\u00e1lisis. A \u00faltima hora de ayer se confirm\u00f3 que result\u00f3 negativo el hisopado que el intendente Sebasti\u00e1n Abella se realiz\u00f3 [&hellip;]<\/p>\n","protected":false},"author":4,"featured_media":74666,"comment_status":"open","ping_status":"closed","sticky":false,"template":"","format":"standard","meta":{"om_disable_all_campaigns":false,"_jetpack_memberships_contains_paid_content":false,"footnotes":""},"categories":[621],"tags":[1332,197,686,808,696,681],"class_list":["post-74665","post","type-post","status-publish","format-standard","has-post-thumbnail","hentry","category-regionales","tag-abella","tag-buenos-aires","tag-campana-2","tag-coronavirus","tag-interes-general","tag-regionales"],"aioseo_notices":[],"gutentor_comment":1,"jetpack_featured_media_url":"https:\/\/eldiariodesanpedro.com.ar\/sitio\/wp-content\/uploads\/2020\/05\/200531-1.jpg","jetpack_shortlink":"https:\/\/wp.me\/p6RhLt-jqh","jetpack_sharing_enabled":true,"_links":{"self":[{"href":"https:\/\/eldiariodesanpedro.com.ar\/sitio\/wp-json\/wp\/v2\/posts\/74665","targetHints":{"allow":["GET"]}}],"collection":[{"href":"https:\/\/eldiariodesanpedro.com.ar\/sitio\/wp-json\/wp\/v2\/posts"}],"about":[{"href":"https:\/\/eldiariodesanpedro.com.ar\/sitio\/wp-json\/wp\/v2\/types\/post"}],"author":[{"embeddable":true,"href":"https:\/\/eldiariodesanpedro.com.ar\/sitio\/wp-json\/wp\/v2\/users\/4"}],"replies":[{"embeddable":true,"href":"https:\/\/eldiariodesanpedro.com.ar\/sitio\/wp-json\/wp\/v2\/comments?post=74665"}],"version-history":[{"count":1,"href":"https:\/\/eldiariodesanpedro.com.ar\/sitio\/wp-json\/wp\/v2\/posts\/74665\/revisions"}],"predecessor-version":[{"id":74667,"href":"https:\/\/eldiariodesanpedro.com.ar\/sitio\/wp-json\/wp\/v2\/posts\/74665\/revisions\/74667"}],"wp:featuredmedia":[{"embeddable":true,"href":"https:\/\/eldiariodesanpedro.com.ar\/sitio\/wp-json\/wp\/v2\/media\/74666"}],"wp:attachment":[{"href":"https:\/\/eldiariodesanpedro.com.ar\/sitio\/wp-json\/wp\/v2\/media?parent=74665"}],"wp:term":[{"taxonomy":"category","embeddable":true,"href":"https:\/\/eldiariodesanpedro.com.ar\/sitio\/wp-json\/wp\/v2\/categories?post=74665"},{"taxonomy":"post_tag","embeddable":true,"href":"https:\/\/eldiariodesanpedro.com.ar\/sitio\/wp-json\/wp\/v2\/tags?post=74665"}],"curies":[{"name":"wp","href":"https:\/\/api.w.org\/{rel}","templated":true}]}}