{"id":74663,"date":"2020-05-31T16:27:07","date_gmt":"2020-05-31T19:27:07","guid":{"rendered":"https:\/\/eldiariodesanpedro.com.ar\/sitio\/?p=74663"},"modified":"2020-05-31T16:27:09","modified_gmt":"2020-05-31T19:27:09","slug":"el-estado-pagara-nuevamente-el-ife-de-10-mil-pesos","status":"publish","type":"post","link":"https:\/\/eldiariodesanpedro.com.ar\/sitio\/el-estado-pagara-nuevamente-el-ife-de-10-mil-pesos\/","title":{"rendered":"El Estado pagar\u00e1 nuevamente el IFE de 10 mil pesos"},"content":{"rendered":"<!-- VideographyWP Plugin Message: Automatic video embedding prevented by plugin options. -->\n\n<p>El Estado argentino pagar\u00e1 nuevamente el Ingreso Familiar de Emergencia (IFE) de 10 mil pesos, anunci\u00f3 el Ministro de Econom\u00eda, Mart\u00edn Guzm\u00e1n, en un contexto de extensi\u00f3n de la cuarentena que lleva ya m\u00e1s de 70 d\u00edas.<\/p>\n\n\n\n<p>\u00abEl IFE ha sido una herramienta fundamental para llegar a quienes no pod\u00edamos alcanzar con otras medidas, como los trabajadores informales, y ha logrado evitar que entre 2,7 y 4,5 millones de personas caigan transitoriamente en la pobreza\u00bb, resalt\u00f3 Guzm\u00e1n.<\/p>\n\n\n\n<p>En ese sentido y \u00abante la extensi\u00f3n del aislamiento preventivo, social y obligatorio y frente al impacto que ello genera sobre los ingresos de los hogares, decidimos volver a pagar el IFE por un valor de $10.000. Esta medida alcanzar\u00e1 a 9 millones de personas\u00bb.<\/p>\n\n\n\n<p>\u00abAnte una situaci\u00f3n sin precedentes que golpea la econom\u00eda del mundo, hemos actuado de forma decisiva. Hoy el Estado est\u00e1 llegando a quienes m\u00e1s lo necesitan, protegiendo los ingresos, el trabajo y la producci\u00f3n. Y lo hace sosteniendo los principios de progresividad y solidaridad\u00bb, remarc\u00f3.<\/p>\n\n\n\n<p>Anses informar\u00e1 en breve los detalles de la implementaci\u00f3n de la medida, adelant\u00f3. Seg\u00fan informaci\u00f3n del gobierno, el IFE alcanza a 8,3 millones de beneficiarios que vieron reducidos sus ingresos durante la cuarentena y contribuy\u00f3 a ampliar la cobertura estatal mediante transferencias monetarias hasta alcanzar al 89% del decil m\u00e1s pobre de la poblaci\u00f3n.<\/p>\n\n\n\n<p>Cabe recordar que muchas personas vieron demorado este pago por falta de actualizaci\u00f3n en las bases de datos de la Anses y la escasa bancarizaci\u00f3n del universo que solicit\u00f3 el pago del IFE.<\/p>\n","protected":false},"excerpt":{"rendered":"<p>El Estado argentino pagar\u00e1 nuevamente el Ingreso Familiar de Emergencia (IFE) de 10 mil pesos, anunci\u00f3 el Ministro de Econom\u00eda, Mart\u00edn Guzm\u00e1n, en un contexto de extensi\u00f3n de la cuarentena que lleva ya m\u00e1s de 70 d\u00edas. \u00abEl IFE ha sido una herramienta fundamental para llegar a quienes no pod\u00edamos alcanzar con otras medidas, como [&hellip;]<\/p>\n","protected":false},"author":4,"featured_media":72304,"comment_status":"open","ping_status":"closed","sticky":false,"template":"","format":"standard","meta":{"om_disable_all_campaigns":false,"_jetpack_memberships_contains_paid_content":false,"footnotes":""},"categories":[101,2],"tags":[602,879,33],"class_list":["post-74663","post","type-post","status-publish","format-standard","has-post-thumbnail","hentry","category-interes-general-locales","category-locales","tag-anses","tag-ife","tag-locales"],"aioseo_notices":[],"gutentor_comment":0,"jetpack_featured_media_url":"https:\/\/eldiariodesanpedro.com.ar\/sitio\/wp-content\/uploads\/2020\/04\/7UX43JWCHNDJRLLZWBOQGULLCM.jpg","jetpack_shortlink":"https:\/\/wp.me\/p6RhLt-jqf","jetpack_sharing_enabled":true,"_links":{"self":[{"href":"https:\/\/eldiariodesanpedro.com.ar\/sitio\/wp-json\/wp\/v2\/posts\/74663","targetHints":{"allow":["GET"]}}],"collection":[{"href":"https:\/\/eldiariodesanpedro.com.ar\/sitio\/wp-json\/wp\/v2\/posts"}],"about":[{"href":"https:\/\/eldiariodesanpedro.com.ar\/sitio\/wp-json\/wp\/v2\/types\/post"}],"author":[{"embeddable":true,"href":"https:\/\/eldiariodesanpedro.com.ar\/sitio\/wp-json\/wp\/v2\/users\/4"}],"replies":[{"embeddable":true,"href":"https:\/\/eldiariodesanpedro.com.ar\/sitio\/wp-json\/wp\/v2\/comments?post=74663"}],"version-history":[{"count":1,"href":"https:\/\/eldiariodesanpedro.com.ar\/sitio\/wp-json\/wp\/v2\/posts\/74663\/revisions"}],"predecessor-version":[{"id":74664,"href":"https:\/\/eldiariodesanpedro.com.ar\/sitio\/wp-json\/wp\/v2\/posts\/74663\/revisions\/74664"}],"wp:featuredmedia":[{"embeddable":true,"href":"https:\/\/eldiariodesanpedro.com.ar\/sitio\/wp-json\/wp\/v2\/media\/72304"}],"wp:attachment":[{"href":"https:\/\/eldiariodesanpedro.com.ar\/sitio\/wp-json\/wp\/v2\/media?parent=74663"}],"wp:term":[{"taxonomy":"category","embeddable":true,"href":"https:\/\/eldiariodesanpedro.com.ar\/sitio\/wp-json\/wp\/v2\/categories?post=74663"},{"taxonomy":"post_tag","embeddable":true,"href":"https:\/\/eldiariodesanpedro.com.ar\/sitio\/wp-json\/wp\/v2\/tags?post=74663"}],"curies":[{"name":"wp","href":"https:\/\/api.w.org\/{rel}","templated":true}]}}