{"id":74646,"date":"2020-05-31T12:37:12","date_gmt":"2020-05-31T15:37:12","guid":{"rendered":"https:\/\/eldiariodesanpedro.com.ar\/sitio\/?p=74646"},"modified":"2020-05-31T12:37:16","modified_gmt":"2020-05-31T15:37:16","slug":"salazar-propone-a-san-pedro-como-sede-del-futbol-profesional","status":"publish","type":"post","link":"https:\/\/eldiariodesanpedro.com.ar\/sitio\/salazar-propone-a-san-pedro-como-sede-del-futbol-profesional\/","title":{"rendered":"Salazar propone a San Pedro como sede del f\u00fatbol profesional"},"content":{"rendered":"<!-- VideographyWP Plugin Message: Automatic video embedding prevented by plugin options. -->\n\n<p>As\u00ed se lo hizo saber el Intendente a distintos referentes del rubro a nivel nacional. La idea gira en torno a la posibilidad de disponer del Estadio Municipal como alternativa para cuando regrese el f\u00fatbol de AFA.<\/p>\n\n\n\n<p>Mientras los dirigentes del f\u00fatbol a nivel nacional eval\u00faan distintos aspectos para el regreso de la actividad en el pa\u00eds, surgi\u00f3 una posibilidad que se aferra a las alternativas que se deber\u00e1n tener en cuenta para que la pelota comience a rodar.<\/p>\n\n\n\n<p>En la cabeza del Intendente Municipal Cecilio Salazar ronda la idea de poder traer a San Pedro alg\u00fan encuentro de f\u00fatbol profesional teniendo en cuenta que de reactivarse la disciplina ser\u00eda a puertas cerradas.<\/p>\n\n\n\n<p>El propio mandatario se lo hizo saber a quienes han elaborado distintos proyectos, entre ellos, el periodista deportivo Ariel Rodr\u00edguez, cuya propuesta ha sido tenida en cuenta por la AFA y hace pocos d\u00edas adem\u00e1s de enviarle saludos a Salazar, en su tira diaria \u201cPresi\u00f3n Alta\u201d que se emite por TyC Sport, destac\u00f3 que el Intendente de nuestra ciudad propon\u00eda a San Pedro como escenario alternativo para la vuelta del f\u00fatbol.<\/p>\n\n\n\n<p>En los \u00faltimos d\u00edas trascendi\u00f3 que los entrenamientos en la Argentina podr\u00edan reactivarse en el mes de agosto y en septiembre la competencia, pero no hay certezas.<\/p>\n\n\n\n<p>Para Salazar el Estadio \u201cGeneral San Mart\u00edn\u201d podr\u00eda ser una buena alternativa para los partidos a puertas cerradas, ya que bajo esa modalidad su estructura lo permitir\u00eda, sumado a la ubicaci\u00f3n que tiene la ciudad sobre el corredor de la Ruta 9 donde no son muchos los distritos que cuentan con un escenario como el de nuestra ciudad.<\/p>\n\n\n\n<p>Fuente: <a href=\"https:\/\/www.sanpedroinforma.com.ar\/nota\/123332\/sociedad\/salazar-propone-a-san-pedro-como-sede-del-futbol-profesional.html\">San Pedro Informa<\/a><\/p>\n","protected":false},"excerpt":{"rendered":"<p>As\u00ed se lo hizo saber el Intendente a distintos referentes del rubro a nivel nacional. La idea gira en torno a la posibilidad de disponer del Estadio Municipal como alternativa para cuando regrese el f\u00fatbol de AFA. Mientras los dirigentes del f\u00fatbol a nivel nacional eval\u00faan distintos aspectos para el regreso de la actividad en [&hellip;]<\/p>\n","protected":false},"author":4,"featured_media":74647,"comment_status":"open","ping_status":"closed","sticky":false,"template":"","format":"standard","meta":{"om_disable_all_campaigns":false,"_jetpack_memberships_contains_paid_content":false,"footnotes":""},"categories":[50,101,2],"tags":[33,126,1330],"class_list":["post-74646","post","type-post","status-publish","format-standard","has-post-thumbnail","hentry","category-destacadas","category-interes-general-locales","category-locales","tag-locales","tag-salazar","tag-sede-futbol"],"aioseo_notices":[],"gutentor_comment":0,"jetpack_featured_media_url":"https:\/\/eldiariodesanpedro.com.ar\/sitio\/wp-content\/uploads\/2020\/05\/000084210.jpg","jetpack_shortlink":"https:\/\/wp.me\/p6RhLt-jpY","jetpack_sharing_enabled":true,"_links":{"self":[{"href":"https:\/\/eldiariodesanpedro.com.ar\/sitio\/wp-json\/wp\/v2\/posts\/74646","targetHints":{"allow":["GET"]}}],"collection":[{"href":"https:\/\/eldiariodesanpedro.com.ar\/sitio\/wp-json\/wp\/v2\/posts"}],"about":[{"href":"https:\/\/eldiariodesanpedro.com.ar\/sitio\/wp-json\/wp\/v2\/types\/post"}],"author":[{"embeddable":true,"href":"https:\/\/eldiariodesanpedro.com.ar\/sitio\/wp-json\/wp\/v2\/users\/4"}],"replies":[{"embeddable":true,"href":"https:\/\/eldiariodesanpedro.com.ar\/sitio\/wp-json\/wp\/v2\/comments?post=74646"}],"version-history":[{"count":1,"href":"https:\/\/eldiariodesanpedro.com.ar\/sitio\/wp-json\/wp\/v2\/posts\/74646\/revisions"}],"predecessor-version":[{"id":74648,"href":"https:\/\/eldiariodesanpedro.com.ar\/sitio\/wp-json\/wp\/v2\/posts\/74646\/revisions\/74648"}],"wp:featuredmedia":[{"embeddable":true,"href":"https:\/\/eldiariodesanpedro.com.ar\/sitio\/wp-json\/wp\/v2\/media\/74647"}],"wp:attachment":[{"href":"https:\/\/eldiariodesanpedro.com.ar\/sitio\/wp-json\/wp\/v2\/media?parent=74646"}],"wp:term":[{"taxonomy":"category","embeddable":true,"href":"https:\/\/eldiariodesanpedro.com.ar\/sitio\/wp-json\/wp\/v2\/categories?post=74646"},{"taxonomy":"post_tag","embeddable":true,"href":"https:\/\/eldiariodesanpedro.com.ar\/sitio\/wp-json\/wp\/v2\/tags?post=74646"}],"curies":[{"name":"wp","href":"https:\/\/api.w.org\/{rel}","templated":true}]}}