{"id":74640,"date":"2020-05-31T12:32:31","date_gmt":"2020-05-31T15:32:31","guid":{"rendered":"https:\/\/eldiariodesanpedro.com.ar\/sitio\/?p=74640"},"modified":"2020-05-31T12:32:35","modified_gmt":"2020-05-31T15:32:35","slug":"robaba-un-automovil-y-fue-aprehendido-infraganti","status":"publish","type":"post","link":"https:\/\/eldiariodesanpedro.com.ar\/sitio\/robaba-un-automovil-y-fue-aprehendido-infraganti\/","title":{"rendered":"Robaba un autom\u00f3vil y fue aprehendido infraganti"},"content":{"rendered":"<!-- VideographyWP Plugin Message: Automatic video embedding prevented by plugin options. -->\n\n<p>Durante la madrugada de este domingo se logr\u00f3 la aprehensi\u00f3n de un joven que se encontraba realizando un raid delictivo, realizando robos en autom\u00f3viles.<\/p>\n\n\n\n<p>En calle Obligado y Uruguay se logr\u00f3 la aprehensi\u00f3n de un ciudadano mayor de edad que se hallaba en infraganti delito en el interior de un autom\u00f3vil Fiat 147 intentando sustraer los parlantes.&nbsp;<\/p>\n\n\n\n<p>Al ser requisado por los efectivos se le pudo secuestrar el stereo que hab\u00eda sustra\u00eddo de otro veh\u00edculo Renault 19 ubicado en calle Gomendio al 1400 tras da\u00f1ar el vidrio.<\/p>\n\n\n\n<p>El delincuente fue trasladado a la dependencia local.<\/p>\n\n\n\n<figure class=\"wp-block-image size-large\"><img decoding=\"async\" width=\"1024\" height=\"576\" data-attachment-id=\"74641\" data-permalink=\"https:\/\/eldiariodesanpedro.com.ar\/sitio\/robaba-un-automovil-y-fue-aprehendido-infraganti\/whatsapp-image-2020-05-31-at-11-56-05\/\" data-orig-file=\"https:\/\/eldiariodesanpedro.com.ar\/sitio\/wp-content\/uploads\/2020\/05\/WhatsApp-Image-2020-05-31-at-11.56.05.jpeg\" data-orig-size=\"1032,581\" data-comments-opened=\"1\" data-image-meta=\"{&quot;aperture&quot;:&quot;0&quot;,&quot;credit&quot;:&quot;&quot;,&quot;camera&quot;:&quot;&quot;,&quot;caption&quot;:&quot;&quot;,&quot;created_timestamp&quot;:&quot;0&quot;,&quot;copyright&quot;:&quot;&quot;,&quot;focal_length&quot;:&quot;0&quot;,&quot;iso&quot;:&quot;0&quot;,&quot;shutter_speed&quot;:&quot;0&quot;,&quot;title&quot;:&quot;&quot;,&quot;orientation&quot;:&quot;0&quot;}\" data-image-title=\"WhatsApp Image 2020-05-31 at 11.56.05\" data-image-description=\"\" data-image-caption=\"\" data-large-file=\"https:\/\/eldiariodesanpedro.com.ar\/sitio\/wp-content\/uploads\/2020\/05\/WhatsApp-Image-2020-05-31-at-11.56.05-1024x576.jpeg\" data-src=\"https:\/\/eldiariodesanpedro.com.ar\/sitio\/wp-content\/uploads\/2020\/05\/WhatsApp-Image-2020-05-31-at-11.56.05-1024x576.jpeg\" alt=\"\" class=\"wp-image-74641 lazyload\" data-srcset=\"https:\/\/eldiariodesanpedro.com.ar\/sitio\/wp-content\/uploads\/2020\/05\/WhatsApp-Image-2020-05-31-at-11.56.05-1024x576.jpeg 1024w, https:\/\/eldiariodesanpedro.com.ar\/sitio\/wp-content\/uploads\/2020\/05\/WhatsApp-Image-2020-05-31-at-11.56.05-300x169.jpeg 300w, https:\/\/eldiariodesanpedro.com.ar\/sitio\/wp-content\/uploads\/2020\/05\/WhatsApp-Image-2020-05-31-at-11.56.05-768x432.jpeg 768w, https:\/\/eldiariodesanpedro.com.ar\/sitio\/wp-content\/uploads\/2020\/05\/WhatsApp-Image-2020-05-31-at-11.56.05-800x450.jpeg 800w, https:\/\/eldiariodesanpedro.com.ar\/sitio\/wp-content\/uploads\/2020\/05\/WhatsApp-Image-2020-05-31-at-11.56.05.jpeg 1032w\" data-sizes=\"(max-width: 1024px) 100vw, 1024px\" src=\"data:image\/svg+xml;base64,PHN2ZyB3aWR0aD0iMSIgaGVpZ2h0PSIxIiB4bWxucz0iaHR0cDovL3d3dy53My5vcmcvMjAwMC9zdmciPjwvc3ZnPg==\" style=\"--smush-placeholder-width: 1024px; --smush-placeholder-aspect-ratio: 1024\/576;\" \/><\/figure>\n\n\n\n<figure class=\"wp-block-image size-large\"><img decoding=\"async\" width=\"1024\" height=\"576\" data-attachment-id=\"74643\" data-permalink=\"https:\/\/eldiariodesanpedro.com.ar\/sitio\/robaba-un-automovil-y-fue-aprehendido-infraganti\/whatsapp-image-2020-05-31-at-11-56-06-2\/\" data-orig-file=\"https:\/\/eldiariodesanpedro.com.ar\/sitio\/wp-content\/uploads\/2020\/05\/WhatsApp-Image-2020-05-31-at-11.56.06-2.jpeg\" data-orig-size=\"1032,581\" data-comments-opened=\"1\" data-image-meta=\"{&quot;aperture&quot;:&quot;0&quot;,&quot;credit&quot;:&quot;&quot;,&quot;camera&quot;:&quot;&quot;,&quot;caption&quot;:&quot;&quot;,&quot;created_timestamp&quot;:&quot;0&quot;,&quot;copyright&quot;:&quot;&quot;,&quot;focal_length&quot;:&quot;0&quot;,&quot;iso&quot;:&quot;0&quot;,&quot;shutter_speed&quot;:&quot;0&quot;,&quot;title&quot;:&quot;&quot;,&quot;orientation&quot;:&quot;0&quot;}\" data-image-title=\"WhatsApp Image 2020-05-31 at 11.56.06 (2)\" data-image-description=\"\" data-image-caption=\"\" data-large-file=\"https:\/\/eldiariodesanpedro.com.ar\/sitio\/wp-content\/uploads\/2020\/05\/WhatsApp-Image-2020-05-31-at-11.56.06-2-1024x576.jpeg\" data-src=\"https:\/\/eldiariodesanpedro.com.ar\/sitio\/wp-content\/uploads\/2020\/05\/WhatsApp-Image-2020-05-31-at-11.56.06-2-1024x576.jpeg\" alt=\"\" class=\"wp-image-74643 lazyload\" data-srcset=\"https:\/\/eldiariodesanpedro.com.ar\/sitio\/wp-content\/uploads\/2020\/05\/WhatsApp-Image-2020-05-31-at-11.56.06-2-1024x576.jpeg 1024w, https:\/\/eldiariodesanpedro.com.ar\/sitio\/wp-content\/uploads\/2020\/05\/WhatsApp-Image-2020-05-31-at-11.56.06-2-300x169.jpeg 300w, https:\/\/eldiariodesanpedro.com.ar\/sitio\/wp-content\/uploads\/2020\/05\/WhatsApp-Image-2020-05-31-at-11.56.06-2-768x432.jpeg 768w, https:\/\/eldiariodesanpedro.com.ar\/sitio\/wp-content\/uploads\/2020\/05\/WhatsApp-Image-2020-05-31-at-11.56.06-2-800x450.jpeg 800w, https:\/\/eldiariodesanpedro.com.ar\/sitio\/wp-content\/uploads\/2020\/05\/WhatsApp-Image-2020-05-31-at-11.56.06-2.jpeg 1032w\" data-sizes=\"(max-width: 1024px) 100vw, 1024px\" src=\"data:image\/svg+xml;base64,PHN2ZyB3aWR0aD0iMSIgaGVpZ2h0PSIxIiB4bWxucz0iaHR0cDovL3d3dy53My5vcmcvMjAwMC9zdmciPjwvc3ZnPg==\" style=\"--smush-placeholder-width: 1024px; --smush-placeholder-aspect-ratio: 1024\/576;\" \/><\/figure>\n\n\n\n<figure class=\"wp-block-image size-large\"><img decoding=\"async\" width=\"512\" height=\"1024\" data-attachment-id=\"74642\" data-permalink=\"https:\/\/eldiariodesanpedro.com.ar\/sitio\/robaba-un-automovil-y-fue-aprehendido-infraganti\/whatsapp-image-2020-05-31-at-11-56-06-1\/\" data-orig-file=\"https:\/\/eldiariodesanpedro.com.ar\/sitio\/wp-content\/uploads\/2020\/05\/WhatsApp-Image-2020-05-31-at-11.56.06-1.jpeg\" data-orig-size=\"520,1040\" data-comments-opened=\"1\" data-image-meta=\"{&quot;aperture&quot;:&quot;0&quot;,&quot;credit&quot;:&quot;&quot;,&quot;camera&quot;:&quot;&quot;,&quot;caption&quot;:&quot;&quot;,&quot;created_timestamp&quot;:&quot;0&quot;,&quot;copyright&quot;:&quot;&quot;,&quot;focal_length&quot;:&quot;0&quot;,&quot;iso&quot;:&quot;0&quot;,&quot;shutter_speed&quot;:&quot;0&quot;,&quot;title&quot;:&quot;&quot;,&quot;orientation&quot;:&quot;0&quot;}\" data-image-title=\"WhatsApp Image 2020-05-31 at 11.56.06 (1)\" data-image-description=\"\" data-image-caption=\"\" data-large-file=\"https:\/\/eldiariodesanpedro.com.ar\/sitio\/wp-content\/uploads\/2020\/05\/WhatsApp-Image-2020-05-31-at-11.56.06-1-512x1024.jpeg\" data-src=\"https:\/\/eldiariodesanpedro.com.ar\/sitio\/wp-content\/uploads\/2020\/05\/WhatsApp-Image-2020-05-31-at-11.56.06-1-512x1024.jpeg\" alt=\"\" class=\"wp-image-74642 lazyload\" data-srcset=\"https:\/\/eldiariodesanpedro.com.ar\/sitio\/wp-content\/uploads\/2020\/05\/WhatsApp-Image-2020-05-31-at-11.56.06-1-512x1024.jpeg 512w, https:\/\/eldiariodesanpedro.com.ar\/sitio\/wp-content\/uploads\/2020\/05\/WhatsApp-Image-2020-05-31-at-11.56.06-1-150x300.jpeg 150w, https:\/\/eldiariodesanpedro.com.ar\/sitio\/wp-content\/uploads\/2020\/05\/WhatsApp-Image-2020-05-31-at-11.56.06-1.jpeg 520w\" data-sizes=\"(max-width: 512px) 100vw, 512px\" src=\"data:image\/svg+xml;base64,PHN2ZyB3aWR0aD0iMSIgaGVpZ2h0PSIxIiB4bWxucz0iaHR0cDovL3d3dy53My5vcmcvMjAwMC9zdmciPjwvc3ZnPg==\" style=\"--smush-placeholder-width: 512px; --smush-placeholder-aspect-ratio: 512\/1024;\" \/><\/figure>\n","protected":false},"excerpt":{"rendered":"<p>Durante la madrugada de este domingo se logr\u00f3 la aprehensi\u00f3n de un joven que se encontraba realizando un raid delictivo, realizando robos en autom\u00f3viles. En calle Obligado y Uruguay se logr\u00f3 la aprehensi\u00f3n de un ciudadano mayor de edad que se hallaba en infraganti delito en el interior de un autom\u00f3vil Fiat 147 intentando sustraer [&hellip;]<\/p>\n","protected":false},"author":4,"featured_media":74644,"comment_status":"open","ping_status":"closed","sticky":false,"template":"","format":"standard","meta":{"om_disable_all_campaigns":false,"_jetpack_memberships_contains_paid_content":false,"footnotes":""},"categories":[50,2,103],"tags":[1329,33,680],"class_list":["post-74640","post","type-post","status-publish","format-standard","has-post-thumbnail","hentry","category-destacadas","category-locales","category-policiales-locales","tag-infraganti","tag-locales","tag-robo"],"aioseo_notices":[],"gutentor_comment":0,"jetpack_featured_media_url":"https:\/\/eldiariodesanpedro.com.ar\/sitio\/wp-content\/uploads\/2020\/05\/WhatsApp-Image-2020-05-31-at-11.56.06.jpeg","jetpack_shortlink":"https:\/\/wp.me\/p6RhLt-jpS","jetpack_sharing_enabled":true,"_links":{"self":[{"href":"https:\/\/eldiariodesanpedro.com.ar\/sitio\/wp-json\/wp\/v2\/posts\/74640","targetHints":{"allow":["GET"]}}],"collection":[{"href":"https:\/\/eldiariodesanpedro.com.ar\/sitio\/wp-json\/wp\/v2\/posts"}],"about":[{"href":"https:\/\/eldiariodesanpedro.com.ar\/sitio\/wp-json\/wp\/v2\/types\/post"}],"author":[{"embeddable":true,"href":"https:\/\/eldiariodesanpedro.com.ar\/sitio\/wp-json\/wp\/v2\/users\/4"}],"replies":[{"embeddable":true,"href":"https:\/\/eldiariodesanpedro.com.ar\/sitio\/wp-json\/wp\/v2\/comments?post=74640"}],"version-history":[{"count":1,"href":"https:\/\/eldiariodesanpedro.com.ar\/sitio\/wp-json\/wp\/v2\/posts\/74640\/revisions"}],"predecessor-version":[{"id":74645,"href":"https:\/\/eldiariodesanpedro.com.ar\/sitio\/wp-json\/wp\/v2\/posts\/74640\/revisions\/74645"}],"wp:featuredmedia":[{"embeddable":true,"href":"https:\/\/eldiariodesanpedro.com.ar\/sitio\/wp-json\/wp\/v2\/media\/74644"}],"wp:attachment":[{"href":"https:\/\/eldiariodesanpedro.com.ar\/sitio\/wp-json\/wp\/v2\/media?parent=74640"}],"wp:term":[{"taxonomy":"category","embeddable":true,"href":"https:\/\/eldiariodesanpedro.com.ar\/sitio\/wp-json\/wp\/v2\/categories?post=74640"},{"taxonomy":"post_tag","embeddable":true,"href":"https:\/\/eldiariodesanpedro.com.ar\/sitio\/wp-json\/wp\/v2\/tags?post=74640"}],"curies":[{"name":"wp","href":"https:\/\/api.w.org\/{rel}","templated":true}]}}