{"id":74633,"date":"2020-05-31T12:12:40","date_gmt":"2020-05-31T15:12:40","guid":{"rendered":"https:\/\/eldiariodesanpedro.com.ar\/sitio\/?p=74633"},"modified":"2020-05-31T12:12:44","modified_gmt":"2020-05-31T15:12:44","slug":"se-aprehendio-a-un-hombre-con-un-revolver","status":"publish","type":"post","link":"https:\/\/eldiariodesanpedro.com.ar\/sitio\/se-aprehendio-a-un-hombre-con-un-revolver\/","title":{"rendered":"Se aprehendi\u00f3 a un hombre con un revolver"},"content":{"rendered":"<!-- VideographyWP Plugin Message: Automatic video embedding prevented by plugin options. -->\n\n<p>Tras conflicto familiar, en Javier Rivero al 2000, se hacen presentes efectivos policiales de la comisar\u00eda local quienes aprehende a un masculino mayor de edad, y secuestro en su poder de rev\u00f3lver calibre 38 y cartucher\u00eda mismo calibre, quien se hallaba mencionado lugar intimidando a su pareja. <\/p>\n","protected":false},"excerpt":{"rendered":"<p>Tras conflicto familiar, en Javier Rivero al 2000, se hacen presentes efectivos policiales de la comisar\u00eda local quienes aprehende a un masculino mayor de edad, y secuestro en su poder de rev\u00f3lver calibre 38 y cartucher\u00eda mismo calibre, quien se hallaba mencionado lugar intimidando a su pareja.<\/p>\n","protected":false},"author":4,"featured_media":73638,"comment_status":"open","ping_status":"closed","sticky":false,"template":"","format":"standard","meta":{"om_disable_all_campaigns":false,"_jetpack_memberships_contains_paid_content":false,"footnotes":""},"categories":[2,103],"tags":[197,33],"class_list":["post-74633","post","type-post","status-publish","format-standard","has-post-thumbnail","hentry","category-locales","category-policiales-locales","tag-buenos-aires","tag-locales"],"aioseo_notices":[],"gutentor_comment":0,"jetpack_featured_media_url":"https:\/\/eldiariodesanpedro.com.ar\/sitio\/wp-content\/uploads\/2020\/05\/nuevos-patrulleros-policia-home-1280x720-1.jpg","jetpack_shortlink":"https:\/\/wp.me\/p6RhLt-jpL","jetpack_sharing_enabled":true,"_links":{"self":[{"href":"https:\/\/eldiariodesanpedro.com.ar\/sitio\/wp-json\/wp\/v2\/posts\/74633","targetHints":{"allow":["GET"]}}],"collection":[{"href":"https:\/\/eldiariodesanpedro.com.ar\/sitio\/wp-json\/wp\/v2\/posts"}],"about":[{"href":"https:\/\/eldiariodesanpedro.com.ar\/sitio\/wp-json\/wp\/v2\/types\/post"}],"author":[{"embeddable":true,"href":"https:\/\/eldiariodesanpedro.com.ar\/sitio\/wp-json\/wp\/v2\/users\/4"}],"replies":[{"embeddable":true,"href":"https:\/\/eldiariodesanpedro.com.ar\/sitio\/wp-json\/wp\/v2\/comments?post=74633"}],"version-history":[{"count":1,"href":"https:\/\/eldiariodesanpedro.com.ar\/sitio\/wp-json\/wp\/v2\/posts\/74633\/revisions"}],"predecessor-version":[{"id":74634,"href":"https:\/\/eldiariodesanpedro.com.ar\/sitio\/wp-json\/wp\/v2\/posts\/74633\/revisions\/74634"}],"wp:featuredmedia":[{"embeddable":true,"href":"https:\/\/eldiariodesanpedro.com.ar\/sitio\/wp-json\/wp\/v2\/media\/73638"}],"wp:attachment":[{"href":"https:\/\/eldiariodesanpedro.com.ar\/sitio\/wp-json\/wp\/v2\/media?parent=74633"}],"wp:term":[{"taxonomy":"category","embeddable":true,"href":"https:\/\/eldiariodesanpedro.com.ar\/sitio\/wp-json\/wp\/v2\/categories?post=74633"},{"taxonomy":"post_tag","embeddable":true,"href":"https:\/\/eldiariodesanpedro.com.ar\/sitio\/wp-json\/wp\/v2\/tags?post=74633"}],"curies":[{"name":"wp","href":"https:\/\/api.w.org\/{rel}","templated":true}]}}