{"id":74630,"date":"2020-05-31T11:53:47","date_gmt":"2020-05-31T14:53:47","guid":{"rendered":"https:\/\/eldiariodesanpedro.com.ar\/sitio\/?p=74630"},"modified":"2020-05-31T11:53:52","modified_gmt":"2020-05-31T14:53:52","slug":"hasta-este-sabado-se-recibieron-las-dos-muestras-que-faltaban-y-son-negativas","status":"publish","type":"post","link":"https:\/\/eldiariodesanpedro.com.ar\/sitio\/hasta-este-sabado-se-recibieron-las-dos-muestras-que-faltaban-y-son-negativas\/","title":{"rendered":"Hasta este s\u00e1bado se recibieron las dos muestras que faltaban y son negativas"},"content":{"rendered":"<!-- VideographyWP Plugin Message: Automatic video embedding prevented by plugin options. -->\n\n<p>La municipalidad de San Pedro solicita a todos los vecinos, el m\u00e1ximo compromiso para extremar las medidas de prevenci\u00f3n, cuando por cuestiones laborales, tr\u00e1mites, consultas m\u00e9dicas, o cualquier otra causa justificada, se deba viajar a zonas de circulaci\u00f3n de Coronavirus.<\/p>\n\n\n\n<p>Mantenernos protegidos es RESPONSABILIDAD DE TODOS<\/p>\n\n\n\n<p>La Secretar\u00eda de Salud informa que en el d\u00eda de hoy se han recibido con resultado negativo las 2 muestras enviadas al Laboratorio del Instituto Maiztegui.<\/p>\n\n\n\n<p>Nuevas muestras enviadas: 0<br>Muestras Pendientes: 0<br>Nuevas muestras negativas: 2<\/p>\n\n\n\n<p>Casos Positivos<\/p>\n\n\n\n<ul class=\"wp-block-list\"><li>1 muestra tomada en San Nicol\u00e1s<\/li><li>1 muestra tomada en CABA<\/li><\/ul>\n\n\n\n<p>Total de muestras negativas: 136<\/p>\n\n\n\n<p>Aislados preventivos por contacto estrecho: 3<br>(Actualizado por Secretar\u00eda de Salud al 30\/05)<\/p>\n\n\n\n<p>Aislados preventivos por viaje al exterior: 10<br>(Actualizado por Direcci\u00f3n Nacional de Migraciones al 29\/05 y registros locales de la Secretar\u00eda de Seguridad)<\/p>\n\n\n\n<p>Estad\u00edsticas de la Secretar\u00eda de Seguridad al 29\/05\/2020<br>Ciudadanos puestos a disposici\u00f3n del Juzgado Federal por infracci\u00f3n al ASPO: 762<\/p>\n\n\n\n<p>Se recuerda que, ante s\u00edntomas de tos seca, fiebre y dolor de garganta y la probabilidad de haber estado en contacto con enfermos o viajeros llegados desde las zonas transmisi\u00f3n local o comunitaria se puede llamar al 148 o 107.<\/p>\n","protected":false},"excerpt":{"rendered":"<p>La municipalidad de San Pedro solicita a todos los vecinos, el m\u00e1ximo compromiso para extremar las medidas de prevenci\u00f3n, cuando por cuestiones laborales, tr\u00e1mites, consultas m\u00e9dicas, o cualquier otra causa justificada, se deba viajar a zonas de circulaci\u00f3n de Coronavirus. Mantenernos protegidos es RESPONSABILIDAD DE TODOS La Secretar\u00eda de Salud informa que en el d\u00eda [&hellip;]<\/p>\n","protected":false},"author":4,"featured_media":74631,"comment_status":"open","ping_status":"closed","sticky":false,"template":"","format":"standard","meta":{"om_disable_all_campaigns":false,"_jetpack_memberships_contains_paid_content":false,"footnotes":""},"categories":[101,2],"tags":[197,33,19],"class_list":["post-74630","post","type-post","status-publish","format-standard","has-post-thumbnail","hentry","category-interes-general-locales","category-locales","tag-buenos-aires","tag-locales","tag-san-pedro"],"aioseo_notices":[],"gutentor_comment":0,"jetpack_featured_media_url":"https:\/\/eldiariodesanpedro.com.ar\/sitio\/wp-content\/uploads\/2020\/05\/WhatsApp-Image-2020-05-30-at-19.29.31.jpeg","jetpack_shortlink":"https:\/\/wp.me\/p6RhLt-jpI","jetpack_sharing_enabled":true,"_links":{"self":[{"href":"https:\/\/eldiariodesanpedro.com.ar\/sitio\/wp-json\/wp\/v2\/posts\/74630","targetHints":{"allow":["GET"]}}],"collection":[{"href":"https:\/\/eldiariodesanpedro.com.ar\/sitio\/wp-json\/wp\/v2\/posts"}],"about":[{"href":"https:\/\/eldiariodesanpedro.com.ar\/sitio\/wp-json\/wp\/v2\/types\/post"}],"author":[{"embeddable":true,"href":"https:\/\/eldiariodesanpedro.com.ar\/sitio\/wp-json\/wp\/v2\/users\/4"}],"replies":[{"embeddable":true,"href":"https:\/\/eldiariodesanpedro.com.ar\/sitio\/wp-json\/wp\/v2\/comments?post=74630"}],"version-history":[{"count":1,"href":"https:\/\/eldiariodesanpedro.com.ar\/sitio\/wp-json\/wp\/v2\/posts\/74630\/revisions"}],"predecessor-version":[{"id":74632,"href":"https:\/\/eldiariodesanpedro.com.ar\/sitio\/wp-json\/wp\/v2\/posts\/74630\/revisions\/74632"}],"wp:featuredmedia":[{"embeddable":true,"href":"https:\/\/eldiariodesanpedro.com.ar\/sitio\/wp-json\/wp\/v2\/media\/74631"}],"wp:attachment":[{"href":"https:\/\/eldiariodesanpedro.com.ar\/sitio\/wp-json\/wp\/v2\/media?parent=74630"}],"wp:term":[{"taxonomy":"category","embeddable":true,"href":"https:\/\/eldiariodesanpedro.com.ar\/sitio\/wp-json\/wp\/v2\/categories?post=74630"},{"taxonomy":"post_tag","embeddable":true,"href":"https:\/\/eldiariodesanpedro.com.ar\/sitio\/wp-json\/wp\/v2\/tags?post=74630"}],"curies":[{"name":"wp","href":"https:\/\/api.w.org\/{rel}","templated":true}]}}