{"id":7463,"date":"2016-08-24T19:11:54","date_gmt":"2016-08-24T22:11:54","guid":{"rendered":"https:\/\/eldiariodesanpedro.com.ar\/sitio\/?p=7463"},"modified":"2016-08-24T19:14:54","modified_gmt":"2016-08-24T22:14:54","slug":"dolor-por-el-fallecimiento-de-ariel-correa","status":"publish","type":"post","link":"https:\/\/eldiariodesanpedro.com.ar\/sitio\/dolor-por-el-fallecimiento-de-ariel-correa\/","title":{"rendered":"Dolor por el fallecimiento de Ariel Correa"},"content":{"rendered":"<p><!-- VideographyWP Plugin Message: Automatic video embedding prevented by plugin options. --><br \/>\nPesar en la sociedad, y sobre todo en los j\u00f3venes de nuestra ciudad: falleci\u00f3, a los 38 a\u00f1os de edad, uno de los personajes m\u00e1s queridos de San Pedro. Todos lo conoc\u00edan como \u00abEl Chonly\u00bb, DJ, animador, conductor de radio, operador y fan\u00e1tico de River. Luego de luchar contra un terrible c\u00e1ncer durante los \u00faltimos dos meses en la sala 7 de nuestro hospital (y que ya ven\u00eda peleando hace m\u00e1s de un a\u00f1o como paciente oncol\u00f3gico en la ciudad de Buenos Aires), falleci\u00f3 en el d\u00eda de hoy en horas del mediod\u00eda. \u00a1Que en paz descanses, Ariel Correa!<br \/>\nUno de sus compa\u00f1eros, colega y hermano de la vida, Mat\u00edas Colazo, nos dijo y dedic\u00f3 lo siguiente: <\/p>\n<p>A lo largo de este camino muchas veces duro de nuestras vidas, \u00e9sta nos regala la presencia de un ser irrepetible al que muchos tuvimos la suerte de conocer. Una persona que su sola presencia contagiaba alegr\u00eda y nos hac\u00eda vivir noches \u00fanicas como \u00e9l solo pod\u00eda hacerlo. Su m\u00fasica y su inconfundible manera de animar hizo de su nombre una marca, un estilo. Estilo que quienes pudimos verlo en todo su esplendor nos va a quedar guardado en nuestras retinas siempre.<br \/>\nHoy nos toca despedir a un ser muy querido en nuestra ciudad. A un amigo, a un gran DJ, animador y conductor de radio.<br \/>\nNo hay palabras para expresar lo que has significado para muchos chicos que, como yo, quisimos seguir tu camino en esto de la m\u00fasica. Solo nos queda darte las gracias por tu amistad y desearte un buen viaje, y que a donde quieras que vayas sigas alegrando a todos con tu m\u00fasica.<br \/>\nQue en paz descanses, Ariel Correa (Chonly DJ).<\/p>\n<div data-carousel-extra='{&quot;blog_id&quot;:1,&quot;permalink&quot;:&quot;https:\/\/eldiariodesanpedro.com.ar\/sitio\/dolor-por-el-fallecimiento-de-ariel-correa\/&quot;}' id='gallery-1' class='gallery galleryid-7463 gallery-columns-2 gallery-size-large'><figure class='gallery-item'>\n\t\t\t<div class='gallery-icon landscape'>\n\t\t\t\t<a href='https:\/\/eldiariodesanpedro.com.ar\/sitio\/dolor-por-el-fallecimiento-de-ariel-correa\/ariel-1\/'><img decoding=\"async\" width=\"480\" height=\"320\" data-src=\"https:\/\/eldiariodesanpedro.com.ar\/sitio\/wp-content\/uploads\/2016\/08\/ariel-1.jpg\" class=\"attachment-large size-large lazyload\" alt=\"El Diario de San Pedro | Noticias locales y regionales\" data-srcset=\"https:\/\/eldiariodesanpedro.com.ar\/sitio\/wp-content\/uploads\/2016\/08\/ariel-1.jpg 480w, https:\/\/eldiariodesanpedro.com.ar\/sitio\/wp-content\/uploads\/2016\/08\/ariel-1-300x200.jpg 300w\" data-sizes=\"(max-width: 480px) 100vw, 480px\" data-attachment-id=\"7465\" data-permalink=\"https:\/\/eldiariodesanpedro.com.ar\/sitio\/dolor-por-el-fallecimiento-de-ariel-correa\/ariel-1\/\" data-orig-file=\"https:\/\/eldiariodesanpedro.com.ar\/sitio\/wp-content\/uploads\/2016\/08\/ariel-1.jpg\" data-orig-size=\"480,320\" data-comments-opened=\"1\" data-image-meta=\"{&quot;aperture&quot;:&quot;0&quot;,&quot;credit&quot;:&quot;&quot;,&quot;camera&quot;:&quot;&quot;,&quot;caption&quot;:&quot;&quot;,&quot;created_timestamp&quot;:&quot;0&quot;,&quot;copyright&quot;:&quot;&quot;,&quot;focal_length&quot;:&quot;0&quot;,&quot;iso&quot;:&quot;0&quot;,&quot;shutter_speed&quot;:&quot;0&quot;,&quot;title&quot;:&quot;&quot;,&quot;orientation&quot;:&quot;0&quot;}\" data-image-title=\"ariel 1\" data-image-description=\"\" data-image-caption=\"\" data-large-file=\"https:\/\/eldiariodesanpedro.com.ar\/sitio\/wp-content\/uploads\/2016\/08\/ariel-1.jpg\" src=\"data:image\/svg+xml;base64,PHN2ZyB3aWR0aD0iMSIgaGVpZ2h0PSIxIiB4bWxucz0iaHR0cDovL3d3dy53My5vcmcvMjAwMC9zdmciPjwvc3ZnPg==\" style=\"--smush-placeholder-width: 480px; --smush-placeholder-aspect-ratio: 480\/320;\" \/><\/a>\n\t\t\t<\/div><\/figure><figure class='gallery-item'>\n\t\t\t<div class='gallery-icon portrait'>\n\t\t\t\t<a href='https:\/\/eldiariodesanpedro.com.ar\/sitio\/dolor-por-el-fallecimiento-de-ariel-correa\/colazo\/'><img decoding=\"async\" width=\"537\" height=\"538\" data-src=\"https:\/\/eldiariodesanpedro.com.ar\/sitio\/wp-content\/uploads\/2016\/08\/Colazo.jpg\" class=\"attachment-large size-large lazyload\" alt=\"El Diario de San Pedro | Noticias locales y regionales\" data-srcset=\"https:\/\/eldiariodesanpedro.com.ar\/sitio\/wp-content\/uploads\/2016\/08\/Colazo.jpg 537w, https:\/\/eldiariodesanpedro.com.ar\/sitio\/wp-content\/uploads\/2016\/08\/Colazo-150x150.jpg 150w, https:\/\/eldiariodesanpedro.com.ar\/sitio\/wp-content\/uploads\/2016\/08\/Colazo-300x300.jpg 300w\" data-sizes=\"(max-width: 537px) 100vw, 537px\" data-attachment-id=\"7466\" data-permalink=\"https:\/\/eldiariodesanpedro.com.ar\/sitio\/dolor-por-el-fallecimiento-de-ariel-correa\/colazo\/\" data-orig-file=\"https:\/\/eldiariodesanpedro.com.ar\/sitio\/wp-content\/uploads\/2016\/08\/Colazo.jpg\" data-orig-size=\"537,538\" data-comments-opened=\"1\" data-image-meta=\"{&quot;aperture&quot;:&quot;0&quot;,&quot;credit&quot;:&quot;&quot;,&quot;camera&quot;:&quot;&quot;,&quot;caption&quot;:&quot;&quot;,&quot;created_timestamp&quot;:&quot;0&quot;,&quot;copyright&quot;:&quot;&quot;,&quot;focal_length&quot;:&quot;0&quot;,&quot;iso&quot;:&quot;0&quot;,&quot;shutter_speed&quot;:&quot;0&quot;,&quot;title&quot;:&quot;&quot;,&quot;orientation&quot;:&quot;0&quot;}\" data-image-title=\"Colazo\" data-image-description=\"\" data-image-caption=\"\" data-large-file=\"https:\/\/eldiariodesanpedro.com.ar\/sitio\/wp-content\/uploads\/2016\/08\/Colazo.jpg\" src=\"data:image\/svg+xml;base64,PHN2ZyB3aWR0aD0iMSIgaGVpZ2h0PSIxIiB4bWxucz0iaHR0cDovL3d3dy53My5vcmcvMjAwMC9zdmciPjwvc3ZnPg==\" style=\"--smush-placeholder-width: 537px; --smush-placeholder-aspect-ratio: 537\/538;\" \/><\/a>\n\t\t\t<\/div><\/figure>\n\t\t<\/div>\n\n","protected":false},"excerpt":{"rendered":"<p>Pesar en la sociedad, y sobre todo en los j\u00f3venes de nuestra ciudad: falleci\u00f3, a los 38 a\u00f1os de edad, uno de los personajes m\u00e1s queridos de San Pedro. Todos lo conoc\u00edan como \u00abEl Chonly\u00bb, DJ, animador, conductor de radio, operador y fan\u00e1tico de River. Luego de luchar contra un terrible c\u00e1ncer durante los \u00faltimos [&hellip;]<\/p>\n","protected":false},"author":4,"featured_media":7468,"comment_status":"open","ping_status":"closed","sticky":false,"template":"","format":"standard","meta":{"om_disable_all_campaigns":false,"_jetpack_memberships_contains_paid_content":false,"footnotes":""},"categories":[50,101,2],"tags":[],"class_list":["post-7463","post","type-post","status-publish","format-standard","has-post-thumbnail","hentry","category-destacadas","category-interes-general-locales","category-locales"],"aioseo_notices":[],"gutentor_comment":0,"jetpack_featured_media_url":"https:\/\/eldiariodesanpedro.com.ar\/sitio\/wp-content\/uploads\/2016\/08\/PAGINA-2-3.jpg","jetpack_shortlink":"https:\/\/wp.me\/p6RhLt-1Wn","jetpack_sharing_enabled":true,"_links":{"self":[{"href":"https:\/\/eldiariodesanpedro.com.ar\/sitio\/wp-json\/wp\/v2\/posts\/7463","targetHints":{"allow":["GET"]}}],"collection":[{"href":"https:\/\/eldiariodesanpedro.com.ar\/sitio\/wp-json\/wp\/v2\/posts"}],"about":[{"href":"https:\/\/eldiariodesanpedro.com.ar\/sitio\/wp-json\/wp\/v2\/types\/post"}],"author":[{"embeddable":true,"href":"https:\/\/eldiariodesanpedro.com.ar\/sitio\/wp-json\/wp\/v2\/users\/4"}],"replies":[{"embeddable":true,"href":"https:\/\/eldiariodesanpedro.com.ar\/sitio\/wp-json\/wp\/v2\/comments?post=7463"}],"version-history":[{"count":2,"href":"https:\/\/eldiariodesanpedro.com.ar\/sitio\/wp-json\/wp\/v2\/posts\/7463\/revisions"}],"predecessor-version":[{"id":7469,"href":"https:\/\/eldiariodesanpedro.com.ar\/sitio\/wp-json\/wp\/v2\/posts\/7463\/revisions\/7469"}],"wp:featuredmedia":[{"embeddable":true,"href":"https:\/\/eldiariodesanpedro.com.ar\/sitio\/wp-json\/wp\/v2\/media\/7468"}],"wp:attachment":[{"href":"https:\/\/eldiariodesanpedro.com.ar\/sitio\/wp-json\/wp\/v2\/media?parent=7463"}],"wp:term":[{"taxonomy":"category","embeddable":true,"href":"https:\/\/eldiariodesanpedro.com.ar\/sitio\/wp-json\/wp\/v2\/categories?post=7463"},{"taxonomy":"post_tag","embeddable":true,"href":"https:\/\/eldiariodesanpedro.com.ar\/sitio\/wp-json\/wp\/v2\/tags?post=7463"}],"curies":[{"name":"wp","href":"https:\/\/api.w.org\/{rel}","templated":true}]}}