{"id":7461,"date":"2016-08-24T18:58:37","date_gmt":"2016-08-24T21:58:37","guid":{"rendered":"https:\/\/eldiariodesanpedro.com.ar\/sitio\/?p=7461"},"modified":"2016-08-24T18:58:37","modified_gmt":"2016-08-24T21:58:37","slug":"tras-una-persecucion-la-policia-recupero-una-moto-robada","status":"publish","type":"post","link":"https:\/\/eldiariodesanpedro.com.ar\/sitio\/tras-una-persecucion-la-policia-recupero-una-moto-robada\/","title":{"rendered":"Tras una persecuci\u00f3n la polic\u00eda recuper\u00f3 una moto robada"},"content":{"rendered":"<p><!-- VideographyWP Plugin Message: Automatic video embedding prevented by plugin options. --><br \/>\nPersonal policial fue alertado del robo de un ciclomotor Zanella 50 CC y tras tareas investigativas se pudo establecer que podr\u00eda hallarse en el Barrio Hermano Indio. Una vez all\u00ed los efectivos lograron divisar a un sujeto que se movilizaba en un rodado similar al buscado. All\u00ed se produjo una peque\u00f1a persecuci\u00f3n y se logr\u00f3 detener su marcha, de ese modo se constat\u00f3 que era el veh\u00edculo buscado. Se lo secuestr\u00f3 y luego fue devuelto a su propietaria, mientras que el delincuente, un joven de 17 a\u00f1os, fue aprehendido y luego la UFI del \u201cJoven\u201d, determin\u00f3 su liberaci\u00f3n y entrega a sus progenitores  <\/p>\n<p>Numeraci\u00f3n suprimida<\/p>\n<p>Dos motos fueron secuestradas por presentar irregularidades. ayer, en Belgrano y Riobamba la polic\u00eda identific\u00f3 una moto 110 CC, color blanca, que era manejada por una joven de 21 a\u00f1os. Al certificar la numeraci\u00f3n de cuadro y motor es que se pudo constatar que la numeraci\u00f3n del mismo estaba suprimida, por lo que el personal interviniente procedi\u00f3 a la aprehensi\u00f3n del infractor. El mismo fue trasladado a la seccional policial juntamente.<br \/>\nEse mismo d\u00edas, en Juan B. Justo y Mitre se identific\u00f3 una Gilera 110 CC, en la que se dirig\u00eda un motociclistas de 22 a\u00f1os. Se dio una situaci\u00f3n similar que en el hecho anterior, el veh\u00edculo carec\u00eda de la identificaci\u00f3n del motor, por lo que fue secuestrado y su conductor trasladado a la comisar\u00eda.<br \/>\nEn ambos casos intervino la UFI N\u00ba 7. <\/p>\n","protected":false},"excerpt":{"rendered":"<p>Personal policial fue alertado del robo de un ciclomotor Zanella 50 CC y tras tareas investigativas se pudo establecer que podr\u00eda hallarse en el Barrio Hermano Indio. Una vez all\u00ed los efectivos lograron divisar a un sujeto que se movilizaba en un rodado similar al buscado. All\u00ed se produjo una peque\u00f1a persecuci\u00f3n y se logr\u00f3 [&hellip;]<\/p>\n","protected":false},"author":4,"featured_media":3029,"comment_status":"open","ping_status":"closed","sticky":false,"template":"","format":"standard","meta":{"om_disable_all_campaigns":false,"_jetpack_memberships_contains_paid_content":false,"footnotes":""},"categories":[50,2,103],"tags":[],"class_list":["post-7461","post","type-post","status-publish","format-standard","has-post-thumbnail","hentry","category-destacadas","category-locales","category-policiales-locales"],"aioseo_notices":[],"gutentor_comment":0,"jetpack_featured_media_url":"https:\/\/eldiariodesanpedro.com.ar\/sitio\/wp-content\/uploads\/2016\/04\/moto-patrullero.jpg","jetpack_shortlink":"https:\/\/wp.me\/p6RhLt-1Wl","jetpack_sharing_enabled":true,"_links":{"self":[{"href":"https:\/\/eldiariodesanpedro.com.ar\/sitio\/wp-json\/wp\/v2\/posts\/7461","targetHints":{"allow":["GET"]}}],"collection":[{"href":"https:\/\/eldiariodesanpedro.com.ar\/sitio\/wp-json\/wp\/v2\/posts"}],"about":[{"href":"https:\/\/eldiariodesanpedro.com.ar\/sitio\/wp-json\/wp\/v2\/types\/post"}],"author":[{"embeddable":true,"href":"https:\/\/eldiariodesanpedro.com.ar\/sitio\/wp-json\/wp\/v2\/users\/4"}],"replies":[{"embeddable":true,"href":"https:\/\/eldiariodesanpedro.com.ar\/sitio\/wp-json\/wp\/v2\/comments?post=7461"}],"version-history":[{"count":1,"href":"https:\/\/eldiariodesanpedro.com.ar\/sitio\/wp-json\/wp\/v2\/posts\/7461\/revisions"}],"predecessor-version":[{"id":7462,"href":"https:\/\/eldiariodesanpedro.com.ar\/sitio\/wp-json\/wp\/v2\/posts\/7461\/revisions\/7462"}],"wp:featuredmedia":[{"embeddable":true,"href":"https:\/\/eldiariodesanpedro.com.ar\/sitio\/wp-json\/wp\/v2\/media\/3029"}],"wp:attachment":[{"href":"https:\/\/eldiariodesanpedro.com.ar\/sitio\/wp-json\/wp\/v2\/media?parent=7461"}],"wp:term":[{"taxonomy":"category","embeddable":true,"href":"https:\/\/eldiariodesanpedro.com.ar\/sitio\/wp-json\/wp\/v2\/categories?post=7461"},{"taxonomy":"post_tag","embeddable":true,"href":"https:\/\/eldiariodesanpedro.com.ar\/sitio\/wp-json\/wp\/v2\/tags?post=7461"}],"curies":[{"name":"wp","href":"https:\/\/api.w.org\/{rel}","templated":true}]}}