{"id":7456,"date":"2016-08-24T18:54:15","date_gmt":"2016-08-24T21:54:15","guid":{"rendered":"https:\/\/eldiariodesanpedro.com.ar\/sitio\/?p=7456"},"modified":"2016-08-24T18:54:15","modified_gmt":"2016-08-24T21:54:15","slug":"por-tercera-vez-en-el-ano-robaron-el-taller-de-implementos-debock","status":"publish","type":"post","link":"https:\/\/eldiariodesanpedro.com.ar\/sitio\/por-tercera-vez-en-el-ano-robaron-el-taller-de-implementos-debock\/","title":{"rendered":"Por tercera vez en el a\u00f1o robaron el taller de \u201cImplementos Debock\u201d"},"content":{"rendered":"<p><!-- VideographyWP Plugin Message: Automatic video embedding prevented by plugin options. --><br \/>\nEl  taller de reparaci\u00f3n de maquinarias agr\u00edcolas que se encuentra en cercan\u00edas a la curva de \u201cLos Dos Machos\u201d ha sido robado nuevamente<br \/>\n\u201cLa primera vez rompieron much\u00edsimo, destrozaron la casa y el taller. La segunda entraron al taller solamente y en esta se ve que se ve que el tipo est\u00e1 cebado volvi\u00f3 de nuevo al taller y se llev\u00f3 dos cajas de tubos grandes y una motosierra\u201d, cont\u00f3 Alejandro Debock, propietario del lugar.<br \/>\n\u201cLas veces anteriores si me llevaron mucho\u201d, sostuvo el damnificado del robo y agreg\u00f3: \u201cparece que vino a buscar cosas que la \u00faltima vez hab\u00eda dejado\u201d<br \/>\nAsimismo agreg\u00f3: \u201cMe enter\u00e9 que el mi\u00e9rcoles pasado, ac\u00e1 un vecino que est\u00e1 a mil metros nuestro, le entraron a un cuarto que ten\u00eda todas las herramientas de mano\u201d. \u201cLe desvalijaron todo, con m\u00e1s tiempo lo han cargado en alg\u00fan veh\u00edculo\u201d, sostuvo.<br \/>\nPara que haya este tipo de delitos, tiene que haber quienes compren elementos robados. \u201cSi no hubiera mercado para comprar lo robado no lo saldr\u00edan a robar\u201d, opin\u00f3 seguidamente y sostuvo: \u201cAlguien est\u00e1 comprando todo esto\u201d.<\/p>\n","protected":false},"excerpt":{"rendered":"<p>El taller de reparaci\u00f3n de maquinarias agr\u00edcolas que se encuentra en cercan\u00edas a la curva de \u201cLos Dos Machos\u201d ha sido robado nuevamente \u201cLa primera vez rompieron much\u00edsimo, destrozaron la casa y el taller. La segunda entraron al taller solamente y en esta se ve que se ve que el tipo est\u00e1 cebado volvi\u00f3 de [&hellip;]<\/p>\n","protected":false},"author":4,"featured_media":7457,"comment_status":"open","ping_status":"closed","sticky":false,"template":"","format":"standard","meta":{"om_disable_all_campaigns":false,"_jetpack_memberships_contains_paid_content":false,"footnotes":""},"categories":[2],"tags":[],"class_list":["post-7456","post","type-post","status-publish","format-standard","has-post-thumbnail","hentry","category-locales"],"aioseo_notices":[],"gutentor_comment":0,"jetpack_featured_media_url":"https:\/\/eldiariodesanpedro.com.ar\/sitio\/wp-content\/uploads\/2016\/08\/Implementos-debock.jpg","jetpack_shortlink":"https:\/\/wp.me\/p6RhLt-1Wg","jetpack_sharing_enabled":true,"_links":{"self":[{"href":"https:\/\/eldiariodesanpedro.com.ar\/sitio\/wp-json\/wp\/v2\/posts\/7456","targetHints":{"allow":["GET"]}}],"collection":[{"href":"https:\/\/eldiariodesanpedro.com.ar\/sitio\/wp-json\/wp\/v2\/posts"}],"about":[{"href":"https:\/\/eldiariodesanpedro.com.ar\/sitio\/wp-json\/wp\/v2\/types\/post"}],"author":[{"embeddable":true,"href":"https:\/\/eldiariodesanpedro.com.ar\/sitio\/wp-json\/wp\/v2\/users\/4"}],"replies":[{"embeddable":true,"href":"https:\/\/eldiariodesanpedro.com.ar\/sitio\/wp-json\/wp\/v2\/comments?post=7456"}],"version-history":[{"count":1,"href":"https:\/\/eldiariodesanpedro.com.ar\/sitio\/wp-json\/wp\/v2\/posts\/7456\/revisions"}],"predecessor-version":[{"id":7458,"href":"https:\/\/eldiariodesanpedro.com.ar\/sitio\/wp-json\/wp\/v2\/posts\/7456\/revisions\/7458"}],"wp:featuredmedia":[{"embeddable":true,"href":"https:\/\/eldiariodesanpedro.com.ar\/sitio\/wp-json\/wp\/v2\/media\/7457"}],"wp:attachment":[{"href":"https:\/\/eldiariodesanpedro.com.ar\/sitio\/wp-json\/wp\/v2\/media?parent=7456"}],"wp:term":[{"taxonomy":"category","embeddable":true,"href":"https:\/\/eldiariodesanpedro.com.ar\/sitio\/wp-json\/wp\/v2\/categories?post=7456"},{"taxonomy":"post_tag","embeddable":true,"href":"https:\/\/eldiariodesanpedro.com.ar\/sitio\/wp-json\/wp\/v2\/tags?post=7456"}],"curies":[{"name":"wp","href":"https:\/\/api.w.org\/{rel}","templated":true}]}}