{"id":7453,"date":"2016-08-24T18:10:32","date_gmt":"2016-08-24T21:10:32","guid":{"rendered":"https:\/\/eldiariodesanpedro.com.ar\/sitio\/?p=7453"},"modified":"2016-08-24T18:10:32","modified_gmt":"2016-08-24T21:10:32","slug":"inspectores-de-transito-preocupados-por-las-agresiones-de-los-motociclistas","status":"publish","type":"post","link":"https:\/\/eldiariodesanpedro.com.ar\/sitio\/inspectores-de-transito-preocupados-por-las-agresiones-de-los-motociclistas\/","title":{"rendered":"Inspectores de tr\u00e1nsito preocupados por las agresiones de los motociclistas"},"content":{"rendered":"<p><!-- VideographyWP Plugin Message: Automatic video embedding prevented by plugin options. --><br \/>\nEn la tarde de ayer durante los operativos de control de tr\u00e1nsito que se llevaron a cabo en los alrededores de calle Bozzano y Mitre, en la cual se realizaron varios secuestraron 19 motos, los inspectores que se encontraban trabajando en el lugar informaron que tienen miedo por su integridad f\u00edsica. Suele ocurrir que en el momento de solicitar los papeles correspondientes a los veh\u00edculos, son agredidos f\u00edsicamente cuando personas que intenta evadir los procedimientos los atropellan o golpean. Adem\u00e1s acusan ser v\u00edctima de violencia verbal y que son amenazados de muerte.<br \/>\nEs el caso de una de las inspectoras que al secuestrar una moto la conductora llam\u00f3 a su marido, al cabo de un rato el hombre se hizo presente en el lugar y agrediendo a la agente municipal. Cabe recordar que cualquiera de los inspectores que se encuentran participando de los operativos, est\u00e1n realizando su trabajo y al momento de secuestrar una moto lo hacen porque el veh\u00edculo o la persona correspondiente se encuentra incumpliendo con las leyes de tr\u00e1nsito.<\/p>\n","protected":false},"excerpt":{"rendered":"<p>En la tarde de ayer durante los operativos de control de tr\u00e1nsito que se llevaron a cabo en los alrededores de calle Bozzano y Mitre, en la cual se realizaron varios secuestraron 19 motos, los inspectores que se encontraban trabajando en el lugar informaron que tienen miedo por su integridad f\u00edsica. Suele ocurrir que en [&hellip;]<\/p>\n","protected":false},"author":4,"featured_media":7454,"comment_status":"open","ping_status":"closed","sticky":false,"template":"","format":"standard","meta":{"om_disable_all_campaigns":false,"_jetpack_memberships_contains_paid_content":false,"footnotes":""},"categories":[50,101,2],"tags":[],"class_list":["post-7453","post","type-post","status-publish","format-standard","has-post-thumbnail","hentry","category-destacadas","category-interes-general-locales","category-locales"],"aioseo_notices":[],"gutentor_comment":0,"jetpack_featured_media_url":"https:\/\/eldiariodesanpedro.com.ar\/sitio\/wp-content\/uploads\/2016\/08\/PAGINA-5-12.jpg","jetpack_shortlink":"https:\/\/wp.me\/p6RhLt-1Wd","jetpack_sharing_enabled":true,"_links":{"self":[{"href":"https:\/\/eldiariodesanpedro.com.ar\/sitio\/wp-json\/wp\/v2\/posts\/7453","targetHints":{"allow":["GET"]}}],"collection":[{"href":"https:\/\/eldiariodesanpedro.com.ar\/sitio\/wp-json\/wp\/v2\/posts"}],"about":[{"href":"https:\/\/eldiariodesanpedro.com.ar\/sitio\/wp-json\/wp\/v2\/types\/post"}],"author":[{"embeddable":true,"href":"https:\/\/eldiariodesanpedro.com.ar\/sitio\/wp-json\/wp\/v2\/users\/4"}],"replies":[{"embeddable":true,"href":"https:\/\/eldiariodesanpedro.com.ar\/sitio\/wp-json\/wp\/v2\/comments?post=7453"}],"version-history":[{"count":1,"href":"https:\/\/eldiariodesanpedro.com.ar\/sitio\/wp-json\/wp\/v2\/posts\/7453\/revisions"}],"predecessor-version":[{"id":7455,"href":"https:\/\/eldiariodesanpedro.com.ar\/sitio\/wp-json\/wp\/v2\/posts\/7453\/revisions\/7455"}],"wp:featuredmedia":[{"embeddable":true,"href":"https:\/\/eldiariodesanpedro.com.ar\/sitio\/wp-json\/wp\/v2\/media\/7454"}],"wp:attachment":[{"href":"https:\/\/eldiariodesanpedro.com.ar\/sitio\/wp-json\/wp\/v2\/media?parent=7453"}],"wp:term":[{"taxonomy":"category","embeddable":true,"href":"https:\/\/eldiariodesanpedro.com.ar\/sitio\/wp-json\/wp\/v2\/categories?post=7453"},{"taxonomy":"post_tag","embeddable":true,"href":"https:\/\/eldiariodesanpedro.com.ar\/sitio\/wp-json\/wp\/v2\/tags?post=7453"}],"curies":[{"name":"wp","href":"https:\/\/api.w.org\/{rel}","templated":true}]}}