{"id":74499,"date":"2020-05-29T11:22:02","date_gmt":"2020-05-29T14:22:02","guid":{"rendered":"https:\/\/eldiariodesanpedro.com.ar\/sitio\/?p=74499"},"modified":"2020-05-29T11:22:07","modified_gmt":"2020-05-29T14:22:07","slug":"el-ccti-envio-a-la-municipalidad-una-nota-pidiendo-una-bonificacion-por-tres-meses-de-la-tasa-de-seguridad-e-higiene-y-la-extension-de-horarios-a-las-actividades-habilitadas","status":"publish","type":"post","link":"https:\/\/eldiariodesanpedro.com.ar\/sitio\/el-ccti-envio-a-la-municipalidad-una-nota-pidiendo-una-bonificacion-por-tres-meses-de-la-tasa-de-seguridad-e-higiene-y-la-extension-de-horarios-a-las-actividades-habilitadas\/","title":{"rendered":"El CCTI envi\u00f3 a la Municipalidad una nota pidiendo una bonificaci\u00f3n por tres meses de la Tasa de Seguridad e Higiene y la extensi\u00f3n de horarios a las actividades habilitadas"},"content":{"rendered":"<!-- VideographyWP Plugin Message: Automatic video embedding prevented by plugin options. -->\n\n<p>El Centro de Comercio de San Pedro present\u00f3 una nota ante el Intendente Municipal Cecilio Salazar solicitando una reconsideraci\u00f3n en la modalidad en la que se bonifica la Tasa de Seguridad e Higiene y una decisi\u00f3n urgente para la ampliaci\u00f3n del horario de atenci\u00f3n al p\u00fablico de las actividades habilitadas.<\/p>\n\n\n\n<p>En la carta fechada el 27 del corriente se ratifica el apoyo de la entidad a todas las iniciativas dispuestas para enfrentar la actual situaci\u00f3n de las empresas, comercios y prestadores de servicios ante la situaci\u00f3n pero remarca que la bonificaci\u00f3n otorgada para la Tasa de Seguridad e Higiene deber\u00eda comunicarse \u00abcon la antelaci\u00f3n razonable para que el contribuyente pueda planificar dicha erogaci\u00f3n y no distraer esos fondos necesarios para hacer frente a otras obligaciones impostergables\u00bb. &nbsp;<\/p>\n\n\n\n<p>La nota expresa que el decreto 0373\/2020 del 21\/4\/20 fue comunicado el 28 de Abril, fecha en la que municipio estaba en conocimiento de los que a esa fecha a\u00fan estaban sin excepci\u00f3n de aislamiento para poder trabajar y reitera que lo mismo ocurre ante el pr\u00f3ximo vencimiento.<\/p>\n\n\n\n<p>\u00abLo antes expuesto invalida la explicaci\u00f3n oficial que aquellos que err\u00f3neamente abonaron dicha tasa, recibir\u00e1n un cr\u00e9dito fiscal a futuro, cuando la disponibilidad de fondos es imperiosa en el actual momento\u00bb, destaca la nota.<\/p>\n\n\n\n<p>\u00abSer\u00eda de mejor ayuda y alivio para el sector comercial una bonificaci\u00f3n ya asegurada por tres meses en la mencionada Tasa ya sea tanto para quienes se encuentran con la imposibilidad de trabajar o para quienes, a\u00fan con las limitaciones de cada caso, lo hacen, pero es bien sabido que en su mayor\u00eda apenas si se pueden cubrir los gastos imprescindibles.\u00bb<\/p>\n\n\n\n<p>Nuestra entidad solicit\u00f3 adem\u00e1s \u00abla ampliaci\u00f3n del horario de atenci\u00f3n al p\u00fablico dispuesto para aquellas actividades habilitadas a la fecha, toda vez que se ha verificado un muy buen nivel de acatamiento del protocolo de prevenci\u00f3n del Covid-19, en la gran mayor\u00eda de los comercios con atenci\u00f3n al p\u00fablico.\u00bb<\/p>\n","protected":false},"excerpt":{"rendered":"<p>El Centro de Comercio de San Pedro present\u00f3 una nota ante el Intendente Municipal Cecilio Salazar solicitando una reconsideraci\u00f3n en la modalidad en la que se bonifica la Tasa de Seguridad e Higiene y una decisi\u00f3n urgente para la ampliaci\u00f3n del horario de atenci\u00f3n al p\u00fablico de las actividades habilitadas. En la carta fechada el [&hellip;]<\/p>\n","protected":false},"author":4,"featured_media":74500,"comment_status":"open","ping_status":"closed","sticky":false,"template":"","format":"standard","meta":{"om_disable_all_campaigns":false,"_jetpack_memberships_contains_paid_content":false,"footnotes":""},"categories":[101,2],"tags":[197,1311,1312],"class_list":["post-74499","post","type-post","status-publish","format-standard","has-post-thumbnail","hentry","category-interes-general-locales","category-locales","tag-buenos-aires","tag-centro-de-comerio","tag-nota"],"aioseo_notices":[],"gutentor_comment":0,"jetpack_featured_media_url":"https:\/\/eldiariodesanpedro.com.ar\/sitio\/wp-content\/uploads\/2020\/05\/NOTA-CENTRO.jpg","jetpack_shortlink":"https:\/\/wp.me\/p6RhLt-jnB","jetpack_sharing_enabled":true,"_links":{"self":[{"href":"https:\/\/eldiariodesanpedro.com.ar\/sitio\/wp-json\/wp\/v2\/posts\/74499","targetHints":{"allow":["GET"]}}],"collection":[{"href":"https:\/\/eldiariodesanpedro.com.ar\/sitio\/wp-json\/wp\/v2\/posts"}],"about":[{"href":"https:\/\/eldiariodesanpedro.com.ar\/sitio\/wp-json\/wp\/v2\/types\/post"}],"author":[{"embeddable":true,"href":"https:\/\/eldiariodesanpedro.com.ar\/sitio\/wp-json\/wp\/v2\/users\/4"}],"replies":[{"embeddable":true,"href":"https:\/\/eldiariodesanpedro.com.ar\/sitio\/wp-json\/wp\/v2\/comments?post=74499"}],"version-history":[{"count":1,"href":"https:\/\/eldiariodesanpedro.com.ar\/sitio\/wp-json\/wp\/v2\/posts\/74499\/revisions"}],"predecessor-version":[{"id":74501,"href":"https:\/\/eldiariodesanpedro.com.ar\/sitio\/wp-json\/wp\/v2\/posts\/74499\/revisions\/74501"}],"wp:featuredmedia":[{"embeddable":true,"href":"https:\/\/eldiariodesanpedro.com.ar\/sitio\/wp-json\/wp\/v2\/media\/74500"}],"wp:attachment":[{"href":"https:\/\/eldiariodesanpedro.com.ar\/sitio\/wp-json\/wp\/v2\/media?parent=74499"}],"wp:term":[{"taxonomy":"category","embeddable":true,"href":"https:\/\/eldiariodesanpedro.com.ar\/sitio\/wp-json\/wp\/v2\/categories?post=74499"},{"taxonomy":"post_tag","embeddable":true,"href":"https:\/\/eldiariodesanpedro.com.ar\/sitio\/wp-json\/wp\/v2\/tags?post=74499"}],"curies":[{"name":"wp","href":"https:\/\/api.w.org\/{rel}","templated":true}]}}