{"id":74495,"date":"2020-05-29T11:18:12","date_gmt":"2020-05-29T14:18:12","guid":{"rendered":"https:\/\/eldiariodesanpedro.com.ar\/sitio\/?p=74495"},"modified":"2020-05-29T11:18:17","modified_gmt":"2020-05-29T14:18:17","slug":"los-trabajadores-de-la-salud-realizaran-una-marcha-este-sabado","status":"publish","type":"post","link":"https:\/\/eldiariodesanpedro.com.ar\/sitio\/los-trabajadores-de-la-salud-realizaran-una-marcha-este-sabado\/","title":{"rendered":"Los trabajadores de la salud realizaran una marcha este s\u00e1bado"},"content":{"rendered":"<!-- VideographyWP Plugin Message: Automatic video embedding prevented by plugin options. -->\n\n<p>El C\u00edrculo M\u00e9dico de San Pedro invita a los profesionales de la salud y a todos quienes forman parte de los grupos de trabajadores esenciales que vienen cumpliendo funciones en la atenci\u00f3n de la Pandemia de Covid-19 a movilizarse, este s\u00e1bado desde las 17, en adhesi\u00f3n a una iniciativa nacional.<\/p>\n\n\n\n<p>Recorreremos las calles de la ciudad para visibilizar nuestro reclamo ante los recortes de salarios, la flexibilizaci\u00f3n y el recorte que sufren colegas en diferentes puntos del pa\u00eds. Acompa\u00f1amos las consignas&nbsp;<strong>\u201cLos trabajadores de la salud tomos todos UNO\u201d&nbsp;<\/strong>y<strong>&nbsp;\u201cNo somos ni h\u00e9roes ni delincuentes, exigimos respeto\u201d<\/strong>. Ser\u00e1 una movilizaci\u00f3n en veh\u00edculos, de a dos personas por cada uno y con el tapabocas obligatorio.&nbsp;&nbsp;<\/p>\n\n\n\n<p><strong>Partimos a las 17 desde las puertas del C\u00edrculo M\u00e9dico en G\u00fcemes 50 y desde all\u00ed por 25 de Mayo llegaremos al Hospital para luego recorrer la calle Mitre hasta las puertas de la Secretar\u00eda de Salud, en Mitre 373 frente a la Plaza Constituci\u00f3n donde finalizar\u00e1 el recorrido.<\/strong><\/p>\n\n\n\n<figure class=\"wp-block-image size-large\"><img decoding=\"async\" width=\"1080\" height=\"1080\" data-attachment-id=\"74496\" data-permalink=\"https:\/\/eldiariodesanpedro.com.ar\/sitio\/los-trabajadores-de-la-salud-realizaran-una-marcha-este-sabado\/marcha-circulo\/\" data-orig-file=\"https:\/\/eldiariodesanpedro.com.ar\/sitio\/wp-content\/uploads\/2020\/05\/marcha-circulo.jpg\" data-orig-size=\"1080,1080\" data-comments-opened=\"1\" data-image-meta=\"{&quot;aperture&quot;:&quot;0&quot;,&quot;credit&quot;:&quot;&quot;,&quot;camera&quot;:&quot;&quot;,&quot;caption&quot;:&quot;&quot;,&quot;created_timestamp&quot;:&quot;0&quot;,&quot;copyright&quot;:&quot;&quot;,&quot;focal_length&quot;:&quot;0&quot;,&quot;iso&quot;:&quot;0&quot;,&quot;shutter_speed&quot;:&quot;0&quot;,&quot;title&quot;:&quot;&quot;,&quot;orientation&quot;:&quot;0&quot;}\" data-image-title=\"marcha-circulo\" data-image-description=\"\" data-image-caption=\"\" data-large-file=\"https:\/\/eldiariodesanpedro.com.ar\/sitio\/wp-content\/uploads\/2020\/05\/marcha-circulo-1024x1024.jpg\" data-src=\"https:\/\/i2.wp.com\/eldiariodesanpedro.com.ar\/sitio\/wp-content\/uploads\/2020\/05\/marcha-circulo.jpg?fit=640%2C640\" alt=\"\" class=\"wp-image-74496 lazyload\" data-srcset=\"https:\/\/eldiariodesanpedro.com.ar\/sitio\/wp-content\/uploads\/2020\/05\/marcha-circulo.jpg 1080w, https:\/\/eldiariodesanpedro.com.ar\/sitio\/wp-content\/uploads\/2020\/05\/marcha-circulo-300x300.jpg 300w, https:\/\/eldiariodesanpedro.com.ar\/sitio\/wp-content\/uploads\/2020\/05\/marcha-circulo-1024x1024.jpg 1024w, https:\/\/eldiariodesanpedro.com.ar\/sitio\/wp-content\/uploads\/2020\/05\/marcha-circulo-150x150.jpg 150w, https:\/\/eldiariodesanpedro.com.ar\/sitio\/wp-content\/uploads\/2020\/05\/marcha-circulo-768x768.jpg 768w\" data-sizes=\"(max-width: 1080px) 100vw, 1080px\" src=\"data:image\/svg+xml;base64,PHN2ZyB3aWR0aD0iMSIgaGVpZ2h0PSIxIiB4bWxucz0iaHR0cDovL3d3dy53My5vcmcvMjAwMC9zdmciPjwvc3ZnPg==\" style=\"--smush-placeholder-width: 1080px; --smush-placeholder-aspect-ratio: 1080\/1080;\" \/><\/figure>\n\n\n\n<figure class=\"wp-block-embed-facebook wp-block-embed is-type-rich is-provider-facebook\"><div class=\"wp-block-embed__wrapper\">\n<div class=\"fb-post\" data-href=\"https:\/\/www.facebook.com\/eldiario.desanpedro\/posts\/1289686134573856\" data-width=\"552\" style=\"background-color: #fff; display: inline-block;\"><\/div>\n<\/div><\/figure>\n","protected":false},"excerpt":{"rendered":"<p>El C\u00edrculo M\u00e9dico de San Pedro invita a los profesionales de la salud y a todos quienes forman parte de los grupos de trabajadores esenciales que vienen cumpliendo funciones en la atenci\u00f3n de la Pandemia de Covid-19 a movilizarse, este s\u00e1bado desde las 17, en adhesi\u00f3n a una iniciativa nacional. Recorreremos las calles de la [&hellip;]<\/p>\n","protected":false},"author":4,"featured_media":74416,"comment_status":"open","ping_status":"closed","sticky":false,"template":"","format":"standard","meta":{"om_disable_all_campaigns":false,"_jetpack_memberships_contains_paid_content":false,"footnotes":""},"categories":[101,2],"tags":[197,1000],"class_list":["post-74495","post","type-post","status-publish","format-standard","has-post-thumbnail","hentry","category-interes-general-locales","category-locales","tag-buenos-aires","tag-circulo-medico"],"aioseo_notices":[],"gutentor_comment":1,"jetpack_featured_media_url":"https:\/\/eldiariodesanpedro.com.ar\/sitio\/wp-content\/uploads\/2020\/05\/2020-05-27-2.png","jetpack_shortlink":"https:\/\/wp.me\/p6RhLt-jnx","jetpack_sharing_enabled":true,"_links":{"self":[{"href":"https:\/\/eldiariodesanpedro.com.ar\/sitio\/wp-json\/wp\/v2\/posts\/74495","targetHints":{"allow":["GET"]}}],"collection":[{"href":"https:\/\/eldiariodesanpedro.com.ar\/sitio\/wp-json\/wp\/v2\/posts"}],"about":[{"href":"https:\/\/eldiariodesanpedro.com.ar\/sitio\/wp-json\/wp\/v2\/types\/post"}],"author":[{"embeddable":true,"href":"https:\/\/eldiariodesanpedro.com.ar\/sitio\/wp-json\/wp\/v2\/users\/4"}],"replies":[{"embeddable":true,"href":"https:\/\/eldiariodesanpedro.com.ar\/sitio\/wp-json\/wp\/v2\/comments?post=74495"}],"version-history":[{"count":1,"href":"https:\/\/eldiariodesanpedro.com.ar\/sitio\/wp-json\/wp\/v2\/posts\/74495\/revisions"}],"predecessor-version":[{"id":74497,"href":"https:\/\/eldiariodesanpedro.com.ar\/sitio\/wp-json\/wp\/v2\/posts\/74495\/revisions\/74497"}],"wp:featuredmedia":[{"embeddable":true,"href":"https:\/\/eldiariodesanpedro.com.ar\/sitio\/wp-json\/wp\/v2\/media\/74416"}],"wp:attachment":[{"href":"https:\/\/eldiariodesanpedro.com.ar\/sitio\/wp-json\/wp\/v2\/media?parent=74495"}],"wp:term":[{"taxonomy":"category","embeddable":true,"href":"https:\/\/eldiariodesanpedro.com.ar\/sitio\/wp-json\/wp\/v2\/categories?post=74495"},{"taxonomy":"post_tag","embeddable":true,"href":"https:\/\/eldiariodesanpedro.com.ar\/sitio\/wp-json\/wp\/v2\/tags?post=74495"}],"curies":[{"name":"wp","href":"https:\/\/api.w.org\/{rel}","templated":true}]}}