{"id":74491,"date":"2020-05-28T20:25:29","date_gmt":"2020-05-28T23:25:29","guid":{"rendered":"https:\/\/eldiariodesanpedro.com.ar\/sitio\/?p=74491"},"modified":"2020-05-28T20:28:57","modified_gmt":"2020-05-28T23:28:57","slug":"hace-6-anos-gallardo-iniciaba-desde-san-pedro-su-exitoso-periodo-como-dt-millonario","status":"publish","type":"post","link":"https:\/\/eldiariodesanpedro.com.ar\/sitio\/hace-6-anos-gallardo-iniciaba-desde-san-pedro-su-exitoso-periodo-como-dt-millonario\/","title":{"rendered":"Hace 6 a\u00f1os Gallardo iniciaba desde San Pedro su exitoso per\u00edodo como DT Millonario"},"content":{"rendered":"<!-- VideographyWP Plugin Message: Automatic video embedding prevented by plugin options. -->\n\n<p>\u00abEl Mu\u00f1eco\u00bb junto a Mat\u00edas Biscay\u00a0se reunieron en el hotel Howard\u00a0Johnson\u00a0para cancelar su llegada a Newells e iniciar una hist\u00f3rica experiencia en River Plate. <a href=\"https:\/\/www.sanpedroinforma.com.ar\/nota\/123325\/sociedad\/hace-6-anos-gallardo-iniciaba-desde-san-pedro-su-exitoso-periodo-como-dt-millonario.html\">San Pedro Informa<\/a> de la mano de Eduardo Dlapa fue \u00fanico testigo de aquel encuentro determinante y generador de esa imagen que recorri\u00f3 el pa\u00eds.<\/p>\n\n\n\n<p>Un d\u00eda como hoy pero del a\u00f1o 2014 Marcelo Gallardo iniciaba un exitoso camino cono director t\u00e9cnico de River Plate. Esa jornada qued\u00f3 en la historia de la ciudad ya que \u00abel Mu\u00f1eco\u00bb eligi\u00f3 el hotel Howard Johnson\u00a0para reunirse con las autoridades de Newell&#8217;s de Rosario para definir su futuro.<\/p>\n\n\n\n<p>El encuentro fue en horas de la siesta y adem\u00e1s estuvieron Mat\u00edas Biscay, amigo y actual ayudante de campo del entrenador, y Mauricio \u00abTerremoto\u00bb Cejas, en ese momento manager del club \u00abLeproso\u00bb.&nbsp;&nbsp;<\/p>\n\n\n\n<p>La reuni\u00f3n sirvi\u00f3 para que Gallardo le dijera \u00abno\u00bb a Newell&#8217;s, que lo hab\u00eda tentado para cumplir funciones en ese club y tras su salida del bar del hotel se dirigiera directamente a otro espacio donde acord\u00f3 su v\u00ednculo con River al encontrarse con el presidente Rodolfo D&#8217;onofrio.&nbsp;<\/p>\n\n\n\n<p>\u00abEl Mu\u00f1eco\u00bb parti\u00f3 desde el centro de la ciudad junto a Biscay en su auto marca Audi color negro y comenzaba as\u00ed una etapa inolvidable, cargada de \u00e9xitos como entrenador \u00abMillonario\u00bb en donde se transform\u00f3 en el mejor de la historia del club e \u00eddolo indiscutido del hincha.\u00a0\u00a0<\/p>\n\n\n\n<p>Fuente: <a href=\"https:\/\/www.sanpedroinforma.com.ar\/nota\/123325\/sociedad\/hace-6-anos-gallardo-iniciaba-desde-san-pedro-su-exitoso-periodo-como-dt-millonario.html\">San Pedro Informa<\/a><\/p>\n","protected":false},"excerpt":{"rendered":"<p>\u00abEl Mu\u00f1eco\u00bb junto a Mat\u00edas Biscay\u00a0se reunieron en el hotel Howard\u00a0Johnson\u00a0para cancelar su llegada a Newells e iniciar una hist\u00f3rica experiencia en River Plate. San Pedro Informa de la mano de Eduardo Dlapa fue \u00fanico testigo de aquel encuentro determinante y generador de esa imagen que recorri\u00f3 el pa\u00eds. Un d\u00eda como hoy pero del [&hellip;]<\/p>\n","protected":false},"author":4,"featured_media":74492,"comment_status":"open","ping_status":"closed","sticky":false,"template":"","format":"standard","meta":{"om_disable_all_campaigns":false,"_jetpack_memberships_contains_paid_content":false,"footnotes":""},"categories":[101,2],"tags":[197,33,19],"class_list":["post-74491","post","type-post","status-publish","format-standard","has-post-thumbnail","hentry","category-interes-general-locales","category-locales","tag-buenos-aires","tag-locales","tag-san-pedro"],"aioseo_notices":[],"gutentor_comment":0,"jetpack_featured_media_url":"https:\/\/eldiariodesanpedro.com.ar\/sitio\/wp-content\/uploads\/2020\/05\/000084154.jpg","jetpack_shortlink":"https:\/\/wp.me\/p6RhLt-jnt","jetpack_sharing_enabled":true,"_links":{"self":[{"href":"https:\/\/eldiariodesanpedro.com.ar\/sitio\/wp-json\/wp\/v2\/posts\/74491","targetHints":{"allow":["GET"]}}],"collection":[{"href":"https:\/\/eldiariodesanpedro.com.ar\/sitio\/wp-json\/wp\/v2\/posts"}],"about":[{"href":"https:\/\/eldiariodesanpedro.com.ar\/sitio\/wp-json\/wp\/v2\/types\/post"}],"author":[{"embeddable":true,"href":"https:\/\/eldiariodesanpedro.com.ar\/sitio\/wp-json\/wp\/v2\/users\/4"}],"replies":[{"embeddable":true,"href":"https:\/\/eldiariodesanpedro.com.ar\/sitio\/wp-json\/wp\/v2\/comments?post=74491"}],"version-history":[{"count":2,"href":"https:\/\/eldiariodesanpedro.com.ar\/sitio\/wp-json\/wp\/v2\/posts\/74491\/revisions"}],"predecessor-version":[{"id":74494,"href":"https:\/\/eldiariodesanpedro.com.ar\/sitio\/wp-json\/wp\/v2\/posts\/74491\/revisions\/74494"}],"wp:featuredmedia":[{"embeddable":true,"href":"https:\/\/eldiariodesanpedro.com.ar\/sitio\/wp-json\/wp\/v2\/media\/74492"}],"wp:attachment":[{"href":"https:\/\/eldiariodesanpedro.com.ar\/sitio\/wp-json\/wp\/v2\/media?parent=74491"}],"wp:term":[{"taxonomy":"category","embeddable":true,"href":"https:\/\/eldiariodesanpedro.com.ar\/sitio\/wp-json\/wp\/v2\/categories?post=74491"},{"taxonomy":"post_tag","embeddable":true,"href":"https:\/\/eldiariodesanpedro.com.ar\/sitio\/wp-json\/wp\/v2\/tags?post=74491"}],"curies":[{"name":"wp","href":"https:\/\/api.w.org\/{rel}","templated":true}]}}