{"id":74488,"date":"2020-05-28T19:57:43","date_gmt":"2020-05-28T22:57:43","guid":{"rendered":"https:\/\/eldiariodesanpedro.com.ar\/sitio\/?p=74488"},"modified":"2020-05-28T19:57:47","modified_gmt":"2020-05-28T22:57:47","slug":"zarate-denuncian-a-un-funcionario-por-abusar-sexualmente-de-una-empleada-municipal","status":"publish","type":"post","link":"https:\/\/eldiariodesanpedro.com.ar\/sitio\/zarate-denuncian-a-un-funcionario-por-abusar-sexualmente-de-una-empleada-municipal\/","title":{"rendered":"Z\u00c1RATE | Denuncian a un funcionario por abusar sexualmente de una empleada municipal"},"content":{"rendered":"<!-- VideographyWP Plugin Message: Automatic video embedding prevented by plugin options. -->\n\n<p>La mujer aport\u00f3 pruebas fotogr\u00e1ficas y de audio con la manera de proceder en el trabajo de su superior.<\/p>\n\n\n\n<p><strong>Seg\u00fan informaron fuentes policiales de la localidad de Z\u00e1rate, una empleada de la municipalidad denunci\u00f3 por abuso sexual y de autoridad al subsecretario de Seguridad de ese partido, Marcelo Heinz.<\/strong><\/p>\n\n\n\n<p>En su denuncia en sede judicial, la v\u00edctima, cuyas iniciales son G.G de 39 a\u00f1os, indic\u00f3 que \u201chace 20 d\u00edas atr\u00e1s\u201d fue abusada sexualmente por su jefe.&nbsp;<strong>Seg\u00fan inform\u00f3, se encontraba en la oficina cuando Heinz ingres\u00f3 y le \u201capoy\u00f3 su miembro viril\u201d.<\/strong><\/p>\n\n\n\n<p>Acto seguido, la mujer lo insult\u00f3 y sali\u00f3 hacia el patio del palacio municipal, donde habl\u00f3 con una compa\u00f1era que recomend\u00f3 que lo denuncie, algo a lo que la v\u00edctima se neg\u00f3 en un primer momento.<\/p>\n\n\n\n<p><strong>Luego de unos d\u00edas<\/strong>,&nbsp;<strong>la mujer recibi\u00f3 una sanci\u00f3n disciplinaria por parte de Heinz, \u201cpor su mal desempe\u00f1o laboral y por no acatar las \u00f3rdenes de un superior<\/strong>\u201d.<\/p>\n\n\n\n<p>Al conocer esta situaci\u00f3n,&nbsp;<strong>la denunciante present\u00f3 en el \u00e1rea de Recursos Humanos de la municipalidad un escrito, con pruebas fotogr\u00e1ficas y de audio con la manera de proceder en el trabajo de su superior.<\/strong><\/p>\n\n\n\n<p>Tras presentar la denuncia, el municipio le ofreci\u00f3 a la mujer su pase a otra \u00e1rea, a lo que ella se neg\u00f3 y solicit\u00f3 en sede policial una prohibici\u00f3n de acercamiento para el acusado.<\/p>\n\n\n\n<p>El expediente\u00a0<strong>fue caratulado como \u201cAbuso sexual\u201d e interviene en el hecho la Unidad Funcional de Instrucci\u00f3n 8 del Departamento Judicial de Z\u00e1rate-Campana, a cargo de la fiscal Irene Molinari.<\/strong><\/p>\n\n\n\n<p>Fuente: <a href=\"https:\/\/diputadosbsas.com.ar\/nota\/11371\/denuncian_a_un_funcionario_de_zarate_por_abusar_sexualmente_de_una_empleada_municipal\/\">Diputados Bonaerenses<\/a><\/p>\n","protected":false},"excerpt":{"rendered":"<p>La mujer aport\u00f3 pruebas fotogr\u00e1ficas y de audio con la manera de proceder en el trabajo de su superior. Seg\u00fan informaron fuentes policiales de la localidad de Z\u00e1rate, una empleada de la municipalidad denunci\u00f3 por abuso sexual y de autoridad al subsecretario de Seguridad de ese partido, Marcelo Heinz. En su denuncia en sede judicial, [&hellip;]<\/p>\n","protected":false},"author":4,"featured_media":74489,"comment_status":"open","ping_status":"closed","sticky":false,"template":"","format":"standard","meta":{"om_disable_all_campaigns":false,"_jetpack_memberships_contains_paid_content":false,"footnotes":""},"categories":[621],"tags":[1306,197,1308,1307,681,707],"class_list":["post-74488","post","type-post","status-publish","format-standard","has-post-thumbnail","hentry","category-regionales","tag-acoso-sexual-laboral","tag-buenos-aires","tag-empleada-municipal","tag-funcionario","tag-regionales","tag-zarate"],"aioseo_notices":[],"gutentor_comment":0,"jetpack_featured_media_url":"https:\/\/eldiariodesanpedro.com.ar\/sitio\/wp-content\/uploads\/2020\/05\/20200528191742_zarate.jpg","jetpack_shortlink":"https:\/\/wp.me\/p6RhLt-jnq","jetpack_sharing_enabled":true,"_links":{"self":[{"href":"https:\/\/eldiariodesanpedro.com.ar\/sitio\/wp-json\/wp\/v2\/posts\/74488","targetHints":{"allow":["GET"]}}],"collection":[{"href":"https:\/\/eldiariodesanpedro.com.ar\/sitio\/wp-json\/wp\/v2\/posts"}],"about":[{"href":"https:\/\/eldiariodesanpedro.com.ar\/sitio\/wp-json\/wp\/v2\/types\/post"}],"author":[{"embeddable":true,"href":"https:\/\/eldiariodesanpedro.com.ar\/sitio\/wp-json\/wp\/v2\/users\/4"}],"replies":[{"embeddable":true,"href":"https:\/\/eldiariodesanpedro.com.ar\/sitio\/wp-json\/wp\/v2\/comments?post=74488"}],"version-history":[{"count":1,"href":"https:\/\/eldiariodesanpedro.com.ar\/sitio\/wp-json\/wp\/v2\/posts\/74488\/revisions"}],"predecessor-version":[{"id":74490,"href":"https:\/\/eldiariodesanpedro.com.ar\/sitio\/wp-json\/wp\/v2\/posts\/74488\/revisions\/74490"}],"wp:featuredmedia":[{"embeddable":true,"href":"https:\/\/eldiariodesanpedro.com.ar\/sitio\/wp-json\/wp\/v2\/media\/74489"}],"wp:attachment":[{"href":"https:\/\/eldiariodesanpedro.com.ar\/sitio\/wp-json\/wp\/v2\/media?parent=74488"}],"wp:term":[{"taxonomy":"category","embeddable":true,"href":"https:\/\/eldiariodesanpedro.com.ar\/sitio\/wp-json\/wp\/v2\/categories?post=74488"},{"taxonomy":"post_tag","embeddable":true,"href":"https:\/\/eldiariodesanpedro.com.ar\/sitio\/wp-json\/wp\/v2\/tags?post=74488"}],"curies":[{"name":"wp","href":"https:\/\/api.w.org\/{rel}","templated":true}]}}