{"id":7445,"date":"2016-08-24T17:59:47","date_gmt":"2016-08-24T20:59:47","guid":{"rendered":"https:\/\/eldiariodesanpedro.com.ar\/sitio\/?p=7445"},"modified":"2016-08-24T17:59:47","modified_gmt":"2016-08-24T20:59:47","slug":"un-vehiculo-municipal-en-infraccion","status":"publish","type":"post","link":"https:\/\/eldiariodesanpedro.com.ar\/sitio\/un-vehiculo-municipal-en-infraccion\/","title":{"rendered":"Un veh\u00edculo municipal en infracci\u00f3n"},"content":{"rendered":"<p><!-- VideographyWP Plugin Message: Automatic video embedding prevented by plugin options. --><br \/>\nUn lector del diario nos hizo llegar esta imagen, del auto de la municipalidad de San Pedro estacionado en la Estaci\u00f3n de Servicios Esso de calle Sarmiento y 3 de Febrero, se puede observar claramente el auto mal estacionado en l\u00ednea amarilla. Como siempre el ejemplo lo deber\u00edan dar ellos quienes exigen pero no cumplen. El auto estuvo estacionado m\u00e1s de una hora. Foto tomada el 18 de agosto de 2016 a las 10:40 hs<\/p>\n","protected":false},"excerpt":{"rendered":"<p>Un lector del diario nos hizo llegar esta imagen, del auto de la municipalidad de San Pedro estacionado en la Estaci\u00f3n de Servicios Esso de calle Sarmiento y 3 de Febrero, se puede observar claramente el auto mal estacionado en l\u00ednea amarilla. Como siempre el ejemplo lo deber\u00edan dar ellos quienes exigen pero no cumplen. [&hellip;]<\/p>\n","protected":false},"author":4,"featured_media":7446,"comment_status":"open","ping_status":"closed","sticky":false,"template":"","format":"standard","meta":{"om_disable_all_campaigns":false,"_jetpack_memberships_contains_paid_content":false,"footnotes":""},"categories":[101,2],"tags":[],"class_list":["post-7445","post","type-post","status-publish","format-standard","has-post-thumbnail","hentry","category-interes-general-locales","category-locales"],"aioseo_notices":[],"gutentor_comment":0,"jetpack_featured_media_url":"https:\/\/eldiariodesanpedro.com.ar\/sitio\/wp-content\/uploads\/2016\/08\/PAGINA-6-11.jpg","jetpack_shortlink":"https:\/\/wp.me\/p6RhLt-1W5","jetpack_sharing_enabled":true,"_links":{"self":[{"href":"https:\/\/eldiariodesanpedro.com.ar\/sitio\/wp-json\/wp\/v2\/posts\/7445","targetHints":{"allow":["GET"]}}],"collection":[{"href":"https:\/\/eldiariodesanpedro.com.ar\/sitio\/wp-json\/wp\/v2\/posts"}],"about":[{"href":"https:\/\/eldiariodesanpedro.com.ar\/sitio\/wp-json\/wp\/v2\/types\/post"}],"author":[{"embeddable":true,"href":"https:\/\/eldiariodesanpedro.com.ar\/sitio\/wp-json\/wp\/v2\/users\/4"}],"replies":[{"embeddable":true,"href":"https:\/\/eldiariodesanpedro.com.ar\/sitio\/wp-json\/wp\/v2\/comments?post=7445"}],"version-history":[{"count":1,"href":"https:\/\/eldiariodesanpedro.com.ar\/sitio\/wp-json\/wp\/v2\/posts\/7445\/revisions"}],"predecessor-version":[{"id":7447,"href":"https:\/\/eldiariodesanpedro.com.ar\/sitio\/wp-json\/wp\/v2\/posts\/7445\/revisions\/7447"}],"wp:featuredmedia":[{"embeddable":true,"href":"https:\/\/eldiariodesanpedro.com.ar\/sitio\/wp-json\/wp\/v2\/media\/7446"}],"wp:attachment":[{"href":"https:\/\/eldiariodesanpedro.com.ar\/sitio\/wp-json\/wp\/v2\/media?parent=7445"}],"wp:term":[{"taxonomy":"category","embeddable":true,"href":"https:\/\/eldiariodesanpedro.com.ar\/sitio\/wp-json\/wp\/v2\/categories?post=7445"},{"taxonomy":"post_tag","embeddable":true,"href":"https:\/\/eldiariodesanpedro.com.ar\/sitio\/wp-json\/wp\/v2\/tags?post=7445"}],"curies":[{"name":"wp","href":"https:\/\/api.w.org\/{rel}","templated":true}]}}