{"id":7438,"date":"2016-08-23T21:11:19","date_gmt":"2016-08-24T00:11:19","guid":{"rendered":"https:\/\/eldiariodesanpedro.com.ar\/sitio\/?p=7438"},"modified":"2016-08-23T21:11:19","modified_gmt":"2016-08-24T00:11:19","slug":"se-firmaron-77-escrituras-del-barrio-el-futuro","status":"publish","type":"post","link":"https:\/\/eldiariodesanpedro.com.ar\/sitio\/se-firmaron-77-escrituras-del-barrio-el-futuro\/","title":{"rendered":"Se firmaron 77 escrituras del barrio el futuro"},"content":{"rendered":"<p><!-- VideographyWP Plugin Message: Automatic video embedding prevented by plugin options. --><br \/>\nTras a\u00f1os de espera, hoy martes 22 de agosto de 2016, 77 familias del Barrio Futuro firmaron las escrituras de sus viviendas, en un acto del que particip\u00f3 el Intendente Cecilio Salazar, representantes del Ejecutivo y Legislativo; y el Escribano Luis Felipe Basanta.<br \/>\nCon este gran paso logramos darle seguridad a estas familias, quienes podr\u00e1n disfrutar de sus viviendas en este barrio que queremos seguir viendo crecer.<br \/>\nSabemos que a\u00fan falta mucho por hacer, por eso trabajaremos todos los d\u00edas para mejorar la plaza, cumplir con el entubado de las zanjas e implementar el cord\u00f3n cuneta y el pavimento.<br \/>\nSeguimos construyendo futuro.<\/p>\n","protected":false},"excerpt":{"rendered":"<p>Tras a\u00f1os de espera, hoy martes 22 de agosto de 2016, 77 familias del Barrio Futuro firmaron las escrituras de sus viviendas, en un acto del que particip\u00f3 el Intendente Cecilio Salazar, representantes del Ejecutivo y Legislativo; y el Escribano Luis Felipe Basanta. Con este gran paso logramos darle seguridad a estas familias, quienes podr\u00e1n [&hellip;]<\/p>\n","protected":false},"author":4,"featured_media":7439,"comment_status":"open","ping_status":"closed","sticky":false,"template":"","format":"standard","meta":{"om_disable_all_campaigns":false,"_jetpack_memberships_contains_paid_content":false,"footnotes":""},"categories":[50,101,2],"tags":[],"class_list":["post-7438","post","type-post","status-publish","format-standard","has-post-thumbnail","hentry","category-destacadas","category-interes-general-locales","category-locales"],"aioseo_notices":[],"gutentor_comment":0,"jetpack_featured_media_url":"https:\/\/eldiariodesanpedro.com.ar\/sitio\/wp-content\/uploads\/2016\/08\/FB_IMG_1471997307013.jpg","jetpack_shortlink":"https:\/\/wp.me\/p6RhLt-1VY","jetpack_sharing_enabled":true,"_links":{"self":[{"href":"https:\/\/eldiariodesanpedro.com.ar\/sitio\/wp-json\/wp\/v2\/posts\/7438","targetHints":{"allow":["GET"]}}],"collection":[{"href":"https:\/\/eldiariodesanpedro.com.ar\/sitio\/wp-json\/wp\/v2\/posts"}],"about":[{"href":"https:\/\/eldiariodesanpedro.com.ar\/sitio\/wp-json\/wp\/v2\/types\/post"}],"author":[{"embeddable":true,"href":"https:\/\/eldiariodesanpedro.com.ar\/sitio\/wp-json\/wp\/v2\/users\/4"}],"replies":[{"embeddable":true,"href":"https:\/\/eldiariodesanpedro.com.ar\/sitio\/wp-json\/wp\/v2\/comments?post=7438"}],"version-history":[{"count":1,"href":"https:\/\/eldiariodesanpedro.com.ar\/sitio\/wp-json\/wp\/v2\/posts\/7438\/revisions"}],"predecessor-version":[{"id":7440,"href":"https:\/\/eldiariodesanpedro.com.ar\/sitio\/wp-json\/wp\/v2\/posts\/7438\/revisions\/7440"}],"wp:featuredmedia":[{"embeddable":true,"href":"https:\/\/eldiariodesanpedro.com.ar\/sitio\/wp-json\/wp\/v2\/media\/7439"}],"wp:attachment":[{"href":"https:\/\/eldiariodesanpedro.com.ar\/sitio\/wp-json\/wp\/v2\/media?parent=7438"}],"wp:term":[{"taxonomy":"category","embeddable":true,"href":"https:\/\/eldiariodesanpedro.com.ar\/sitio\/wp-json\/wp\/v2\/categories?post=7438"},{"taxonomy":"post_tag","embeddable":true,"href":"https:\/\/eldiariodesanpedro.com.ar\/sitio\/wp-json\/wp\/v2\/tags?post=7438"}],"curies":[{"name":"wp","href":"https:\/\/api.w.org\/{rel}","templated":true}]}}