{"id":7429,"date":"2016-08-23T18:34:50","date_gmt":"2016-08-23T21:34:50","guid":{"rendered":"https:\/\/eldiariodesanpedro.com.ar\/sitio\/?p=7429"},"modified":"2016-08-23T18:34:50","modified_gmt":"2016-08-23T21:34:50","slug":"un-delincuente-choco-en-una-moto-robada","status":"publish","type":"post","link":"https:\/\/eldiariodesanpedro.com.ar\/sitio\/un-delincuente-choco-en-una-moto-robada\/","title":{"rendered":"Un delincuente choc\u00f3 en una moto robada"},"content":{"rendered":"<p><!-- VideographyWP Plugin Message: Automatic video embedding prevented by plugin options. --><br \/>\nEl incidente de tr\u00e1nsito tuvo lugar por la tarde en Facundo Quiroga y Combate de Obligado. En ese lugar, una motocicleta 110 CC impact\u00f3 con un autom\u00f3vil Peugeot 207. Tras la colisi\u00f3n el conductor del rodado menor, un joven de 23 a\u00f1os, cay\u00f3 sobre la cinta asf\u00e1ltica resultando lesionado. Por lo que debi\u00f3 ser trasladado por una ambulancia del Servicio de Emergencias al nosocomio local, donde se pudo determinar que sufri\u00f3 lesiones de car\u00e1cter  leves, seg\u00fan informe de m\u00e9dico de polic\u00eda.<br \/>\nPos su parte, Polic\u00eda Cient\u00edfica realiz\u00f3 pericias de rigor en el lugar del hecho. Ambos rodados trasladados a sede de Dependencia.<br \/>\nEn tanto que se pudo establecer, que el ciclomotor secuestrado, a ra\u00edz del estado de deterioro que presentaba de vieja data y al carecer de el tambor de ignici\u00f3n, se cursaron los datos de numeraci\u00f3n de motor y cuadro del rodado, y all\u00ed se pudo establecer que la misma pose\u00eda pedido activo de secuestro de un hecho de \u201churto\u201d, siendo damnificada una femenina de este medio con intervenci\u00f3n de la UFI nro 7.<br \/>\nComo consecuencia de lo expuesto se procedi\u00f3 a la aprehensi\u00f3n de conductor del rodado quien ya se hallaba dado de alta en el Hospital, ya que no presentaba heridas de consideraci\u00f3n. Se labraron actuaciones caratula de \u201cesclarecimiento de hecho de hurto-encubrimiento secuestro- aprehensi\u00f3n\u201d, permaneciendo alojado en el sector de calabozos, para recuperar la libertad de manera posterior.<\/p>\n","protected":false},"excerpt":{"rendered":"<p>El incidente de tr\u00e1nsito tuvo lugar por la tarde en Facundo Quiroga y Combate de Obligado. En ese lugar, una motocicleta 110 CC impact\u00f3 con un autom\u00f3vil Peugeot 207. Tras la colisi\u00f3n el conductor del rodado menor, un joven de 23 a\u00f1os, cay\u00f3 sobre la cinta asf\u00e1ltica resultando lesionado. Por lo que debi\u00f3 ser trasladado [&hellip;]<\/p>\n","protected":false},"author":4,"featured_media":4675,"comment_status":"open","ping_status":"closed","sticky":false,"template":"","format":"standard","meta":{"om_disable_all_campaigns":false,"_jetpack_memberships_contains_paid_content":false,"footnotes":""},"categories":[2,103],"tags":[],"class_list":["post-7429","post","type-post","status-publish","format-standard","has-post-thumbnail","hentry","category-locales","category-policiales-locales"],"aioseo_notices":[],"gutentor_comment":0,"jetpack_featured_media_url":"https:\/\/eldiariodesanpedro.com.ar\/sitio\/wp-content\/uploads\/2016\/05\/guardia.jpg","jetpack_shortlink":"https:\/\/wp.me\/p6RhLt-1VP","jetpack_sharing_enabled":true,"_links":{"self":[{"href":"https:\/\/eldiariodesanpedro.com.ar\/sitio\/wp-json\/wp\/v2\/posts\/7429","targetHints":{"allow":["GET"]}}],"collection":[{"href":"https:\/\/eldiariodesanpedro.com.ar\/sitio\/wp-json\/wp\/v2\/posts"}],"about":[{"href":"https:\/\/eldiariodesanpedro.com.ar\/sitio\/wp-json\/wp\/v2\/types\/post"}],"author":[{"embeddable":true,"href":"https:\/\/eldiariodesanpedro.com.ar\/sitio\/wp-json\/wp\/v2\/users\/4"}],"replies":[{"embeddable":true,"href":"https:\/\/eldiariodesanpedro.com.ar\/sitio\/wp-json\/wp\/v2\/comments?post=7429"}],"version-history":[{"count":1,"href":"https:\/\/eldiariodesanpedro.com.ar\/sitio\/wp-json\/wp\/v2\/posts\/7429\/revisions"}],"predecessor-version":[{"id":7430,"href":"https:\/\/eldiariodesanpedro.com.ar\/sitio\/wp-json\/wp\/v2\/posts\/7429\/revisions\/7430"}],"wp:featuredmedia":[{"embeddable":true,"href":"https:\/\/eldiariodesanpedro.com.ar\/sitio\/wp-json\/wp\/v2\/media\/4675"}],"wp:attachment":[{"href":"https:\/\/eldiariodesanpedro.com.ar\/sitio\/wp-json\/wp\/v2\/media?parent=7429"}],"wp:term":[{"taxonomy":"category","embeddable":true,"href":"https:\/\/eldiariodesanpedro.com.ar\/sitio\/wp-json\/wp\/v2\/categories?post=7429"},{"taxonomy":"post_tag","embeddable":true,"href":"https:\/\/eldiariodesanpedro.com.ar\/sitio\/wp-json\/wp\/v2\/tags?post=7429"}],"curies":[{"name":"wp","href":"https:\/\/api.w.org\/{rel}","templated":true}]}}