{"id":7426,"date":"2016-08-23T18:01:49","date_gmt":"2016-08-23T21:01:49","guid":{"rendered":"https:\/\/eldiariodesanpedro.com.ar\/sitio\/?p=7426"},"modified":"2016-08-23T18:01:49","modified_gmt":"2016-08-23T21:01:49","slug":"maria-alejandra-giribaldi-no-se-presento-a-indagatoria","status":"publish","type":"post","link":"https:\/\/eldiariodesanpedro.com.ar\/sitio\/maria-alejandra-giribaldi-no-se-presento-a-indagatoria\/","title":{"rendered":"Mar\u00eda Alejandra Giribaldi no se present\u00f3 a indagatoria"},"content":{"rendered":"<p><!-- VideographyWP Plugin Message: Automatic video embedding prevented by plugin options. --><br \/>\nLa due\u00f1a de la empresa constructora de las viviendas del barrio San Francisco hab\u00eda sido citada para este marte por la Fiscal Ramos, pero present\u00f3 un certificado m\u00e9dico por lumbociatalgia por lo que deber\u00e1 reposar 10 d\u00edas, no podr\u00e1 asistir a declarar. La cita ser\u00e1 reprogramada para un futuro mediato.<br \/>\nEn tanto que se espera que el jueves lo hagan el ex Intendente Mario Leandro Barbieri y Flavio Peir\u00f3, quien ese entonces se desempe\u00f1aba como Director de Viviendas.<br \/>\nCabe recordar que los mismos afrontan una denuncia por Administraci\u00f3n Fraudulenta, Estafa y Malversaci\u00f3n de Fondos por la construcci\u00f3n de las edificaci\u00f3n de p\u00e9sima calidad en la mayor\u00eda de los casos y en otros directamente no fueron terminadas.<br \/>\nHasta el momento nunca hab\u00edan sido indagados por la Justicia puesto que las veces que fueron citados se excusaron y no se presentaron.<br \/>\nCabe recordar que el pasado mes de mayo, el Tribunal de Casaci\u00f3n rechaz\u00f3 el pedido de prescripci\u00f3n de la causa del barrio \u201cSan Francisco\u201d solicitada por la defensa de los involucrados.<br \/>\nJustamente lo que la Corte sostuvo en ese entonces es que la invalidez est\u00e1 fundamentada en el no llamado a indagatoria efectuado por el Juez Federal, entendiendo que exist\u00edan elementos suficientes para recibirles declaraci\u00f3n, \u201cpor la presunta comisi\u00f3n de los il\u00edcitos que se investigan\u201d.<br \/>\nLa localidad recibi\u00f3 a partir del 2007 por parte del gobierno nacional, y en el marco del Plan Federal de Viviendas, unos 15 millones de pesos para la construcci\u00f3n de 308 casas en los terrenos del barrio San Francisco de As\u00eds.<br \/>\nEl reclamo fue originado por un grupo de vecinos del lugar que acusaron deficiencias en la construcci\u00f3n de las casas. Seg\u00fan la bancada opositora de ese entonces, unos seis millones de pesos que fueron desviados. Se evidenciaron varios problemas de construcci\u00f3n que van desde vigas que no se llenaron, fierros que no fueron colocados, instalaciones de gas y de luz que no se completaron hasta puertas y paredes rajadas y la voladura de unos 20 techos durante una tormenta.<\/p>\n","protected":false},"excerpt":{"rendered":"<p>La due\u00f1a de la empresa constructora de las viviendas del barrio San Francisco hab\u00eda sido citada para este marte por la Fiscal Ramos, pero present\u00f3 un certificado m\u00e9dico por lumbociatalgia por lo que deber\u00e1 reposar 10 d\u00edas, no podr\u00e1 asistir a declarar. La cita ser\u00e1 reprogramada para un futuro mediato. En tanto que se espera [&hellip;]<\/p>\n","protected":false},"author":4,"featured_media":7427,"comment_status":"open","ping_status":"closed","sticky":false,"template":"","format":"standard","meta":{"om_disable_all_campaigns":false,"_jetpack_memberships_contains_paid_content":false,"footnotes":""},"categories":[50,101,2],"tags":[],"class_list":["post-7426","post","type-post","status-publish","format-standard","has-post-thumbnail","hentry","category-destacadas","category-interes-general-locales","category-locales"],"aioseo_notices":[],"gutentor_comment":0,"jetpack_featured_media_url":"https:\/\/eldiariodesanpedro.com.ar\/sitio\/wp-content\/uploads\/2016\/08\/PAGINA-3-15.jpg","jetpack_shortlink":"https:\/\/wp.me\/p6RhLt-1VM","jetpack_sharing_enabled":true,"_links":{"self":[{"href":"https:\/\/eldiariodesanpedro.com.ar\/sitio\/wp-json\/wp\/v2\/posts\/7426","targetHints":{"allow":["GET"]}}],"collection":[{"href":"https:\/\/eldiariodesanpedro.com.ar\/sitio\/wp-json\/wp\/v2\/posts"}],"about":[{"href":"https:\/\/eldiariodesanpedro.com.ar\/sitio\/wp-json\/wp\/v2\/types\/post"}],"author":[{"embeddable":true,"href":"https:\/\/eldiariodesanpedro.com.ar\/sitio\/wp-json\/wp\/v2\/users\/4"}],"replies":[{"embeddable":true,"href":"https:\/\/eldiariodesanpedro.com.ar\/sitio\/wp-json\/wp\/v2\/comments?post=7426"}],"version-history":[{"count":1,"href":"https:\/\/eldiariodesanpedro.com.ar\/sitio\/wp-json\/wp\/v2\/posts\/7426\/revisions"}],"predecessor-version":[{"id":7428,"href":"https:\/\/eldiariodesanpedro.com.ar\/sitio\/wp-json\/wp\/v2\/posts\/7426\/revisions\/7428"}],"wp:featuredmedia":[{"embeddable":true,"href":"https:\/\/eldiariodesanpedro.com.ar\/sitio\/wp-json\/wp\/v2\/media\/7427"}],"wp:attachment":[{"href":"https:\/\/eldiariodesanpedro.com.ar\/sitio\/wp-json\/wp\/v2\/media?parent=7426"}],"wp:term":[{"taxonomy":"category","embeddable":true,"href":"https:\/\/eldiariodesanpedro.com.ar\/sitio\/wp-json\/wp\/v2\/categories?post=7426"},{"taxonomy":"post_tag","embeddable":true,"href":"https:\/\/eldiariodesanpedro.com.ar\/sitio\/wp-json\/wp\/v2\/tags?post=7426"}],"curies":[{"name":"wp","href":"https:\/\/api.w.org\/{rel}","templated":true}]}}