{"id":7422,"date":"2016-08-23T17:46:17","date_gmt":"2016-08-23T20:46:17","guid":{"rendered":"https:\/\/eldiariodesanpedro.com.ar\/sitio\/?p=7422"},"modified":"2016-08-23T17:46:17","modified_gmt":"2016-08-23T20:46:17","slug":"una-familia-usurpo-un-predio-en-santa-lucia","status":"publish","type":"post","link":"https:\/\/eldiariodesanpedro.com.ar\/sitio\/una-familia-usurpo-un-predio-en-santa-lucia\/","title":{"rendered":"Una familia usurp\u00f3 un predio en Santa Luc\u00eda"},"content":{"rendered":"<p><!-- VideographyWP Plugin Message: Automatic video embedding prevented by plugin options. --><br \/>\nEl damnificado es un hombre 80 a\u00f1os que radic\u00f3 la denuncia al advertir que en un lote de su propiedad, ubicado en Santa Luc\u00eda, se hab\u00eda levantado una precaria edificaci\u00f3n.<br \/>\nSeg\u00fan se expresa en el parte policial de la comisar\u00eda: \u201cEl d\u00eda s\u00e1bado 20 del corriente es que ingresaron al domicilio una familia con intenciones de residir en el lugar diciendo que hab\u00edan alquilado el mismo, advirti\u00e9ndole el denunciante que resultaba ser el \u00fanico due\u00f1o y que no era su intenci\u00f3n que residiera alguna persona  en el lugar, haciendo los mismos caso omiso, motivo por el cual radic\u00f3 la correspondiente denuncia\u201d.<br \/>\nInterviene UFI Nro 7, la que caratul\u00f3 la causa como \u201cusurpaci\u00f3n\u201d.<\/p>\n","protected":false},"excerpt":{"rendered":"<p>El damnificado es un hombre 80 a\u00f1os que radic\u00f3 la denuncia al advertir que en un lote de su propiedad, ubicado en Santa Luc\u00eda, se hab\u00eda levantado una precaria edificaci\u00f3n. Seg\u00fan se expresa en el parte policial de la comisar\u00eda: \u201cEl d\u00eda s\u00e1bado 20 del corriente es que ingresaron al domicilio una familia con intenciones [&hellip;]<\/p>\n","protected":false},"author":4,"featured_media":3467,"comment_status":"open","ping_status":"closed","sticky":false,"template":"","format":"standard","meta":{"om_disable_all_campaigns":false,"_jetpack_memberships_contains_paid_content":false,"footnotes":""},"categories":[101,2],"tags":[],"class_list":["post-7422","post","type-post","status-publish","format-standard","has-post-thumbnail","hentry","category-interes-general-locales","category-locales"],"aioseo_notices":[],"gutentor_comment":0,"jetpack_featured_media_url":"https:\/\/eldiariodesanpedro.com.ar\/sitio\/wp-content\/uploads\/2016\/04\/patrulla-rural-e1454594817773.jpg","jetpack_shortlink":"https:\/\/wp.me\/p6RhLt-1VI","jetpack_sharing_enabled":true,"_links":{"self":[{"href":"https:\/\/eldiariodesanpedro.com.ar\/sitio\/wp-json\/wp\/v2\/posts\/7422","targetHints":{"allow":["GET"]}}],"collection":[{"href":"https:\/\/eldiariodesanpedro.com.ar\/sitio\/wp-json\/wp\/v2\/posts"}],"about":[{"href":"https:\/\/eldiariodesanpedro.com.ar\/sitio\/wp-json\/wp\/v2\/types\/post"}],"author":[{"embeddable":true,"href":"https:\/\/eldiariodesanpedro.com.ar\/sitio\/wp-json\/wp\/v2\/users\/4"}],"replies":[{"embeddable":true,"href":"https:\/\/eldiariodesanpedro.com.ar\/sitio\/wp-json\/wp\/v2\/comments?post=7422"}],"version-history":[{"count":1,"href":"https:\/\/eldiariodesanpedro.com.ar\/sitio\/wp-json\/wp\/v2\/posts\/7422\/revisions"}],"predecessor-version":[{"id":7423,"href":"https:\/\/eldiariodesanpedro.com.ar\/sitio\/wp-json\/wp\/v2\/posts\/7422\/revisions\/7423"}],"wp:featuredmedia":[{"embeddable":true,"href":"https:\/\/eldiariodesanpedro.com.ar\/sitio\/wp-json\/wp\/v2\/media\/3467"}],"wp:attachment":[{"href":"https:\/\/eldiariodesanpedro.com.ar\/sitio\/wp-json\/wp\/v2\/media?parent=7422"}],"wp:term":[{"taxonomy":"category","embeddable":true,"href":"https:\/\/eldiariodesanpedro.com.ar\/sitio\/wp-json\/wp\/v2\/categories?post=7422"},{"taxonomy":"post_tag","embeddable":true,"href":"https:\/\/eldiariodesanpedro.com.ar\/sitio\/wp-json\/wp\/v2\/tags?post=7422"}],"curies":[{"name":"wp","href":"https:\/\/api.w.org\/{rel}","templated":true}]}}