{"id":7419,"date":"2016-08-23T17:44:56","date_gmt":"2016-08-23T20:44:56","guid":{"rendered":"https:\/\/eldiariodesanpedro.com.ar\/sitio\/?p=7419"},"modified":"2016-08-23T17:44:56","modified_gmt":"2016-08-23T20:44:56","slug":"la-policia-de-baradero-recupero-una-moto-robada-en-nuestra-ciudad","status":"publish","type":"post","link":"https:\/\/eldiariodesanpedro.com.ar\/sitio\/la-policia-de-baradero-recupero-una-moto-robada-en-nuestra-ciudad\/","title":{"rendered":"La polic\u00eda de Baradero recuper\u00f3 una moto robada en nuestra ciudad"},"content":{"rendered":"<p><!-- VideographyWP Plugin Message: Automatic video embedding prevented by plugin options. --><br \/>\nEste lunes,  personal policial de la Estaci\u00f3n de Polic\u00eda Comunal Baradero, mientras realizaban un recorrido de prevenci\u00f3n, interceptaron a un hombre que circulaba en una moto que hab\u00eda sido robada el mismo d\u00eda en nuestra ciudad.<br \/>\nOcurri\u00f3 mientras los polic\u00edas transitaban por calle Anchorena, cuando al llegar a la intersecci\u00f3n con calle Gallo, proceden a interceptar a una persona de sexo masculino que se movilizaba en una motocicleta de 110 c.c..  marca Honda modelo Biz color gris. Requerida documentaci\u00f3n del rodado a la persona de 33 a\u00f1os que conduc\u00eda, mismo refiri\u00f3 carecer de la misma.<br \/>\nSeguidamente se cursan las numeraciones de motor y chasis al sistema de Inform\u00e1tica de la Polic\u00eda, estableci\u00e9ndose que dicha motocicleta fue sustra\u00edda en el d\u00eda de ayer en la ciudad de San Pedro.<br \/>\nDebido a ello se procede al secuestro de la motocicleta y a la aprehensi\u00f3n del masculino el cual posteriormente fue imputado del delito de Encubrimiento. El hombre es oriundo de San Pedro.<\/p>\n","protected":false},"excerpt":{"rendered":"<p>Este lunes, personal policial de la Estaci\u00f3n de Polic\u00eda Comunal Baradero, mientras realizaban un recorrido de prevenci\u00f3n, interceptaron a un hombre que circulaba en una moto que hab\u00eda sido robada el mismo d\u00eda en nuestra ciudad. Ocurri\u00f3 mientras los polic\u00edas transitaban por calle Anchorena, cuando al llegar a la intersecci\u00f3n con calle Gallo, proceden a [&hellip;]<\/p>\n","protected":false},"author":4,"featured_media":7420,"comment_status":"open","ping_status":"closed","sticky":false,"template":"","format":"standard","meta":{"om_disable_all_campaigns":false,"_jetpack_memberships_contains_paid_content":false,"footnotes":""},"categories":[2,103],"tags":[],"class_list":["post-7419","post","type-post","status-publish","format-standard","has-post-thumbnail","hentry","category-locales","category-policiales-locales"],"aioseo_notices":[],"gutentor_comment":0,"jetpack_featured_media_url":"https:\/\/eldiariodesanpedro.com.ar\/sitio\/wp-content\/uploads\/2016\/08\/PAGINA-6-10.jpg","jetpack_shortlink":"https:\/\/wp.me\/p6RhLt-1VF","jetpack_sharing_enabled":true,"_links":{"self":[{"href":"https:\/\/eldiariodesanpedro.com.ar\/sitio\/wp-json\/wp\/v2\/posts\/7419","targetHints":{"allow":["GET"]}}],"collection":[{"href":"https:\/\/eldiariodesanpedro.com.ar\/sitio\/wp-json\/wp\/v2\/posts"}],"about":[{"href":"https:\/\/eldiariodesanpedro.com.ar\/sitio\/wp-json\/wp\/v2\/types\/post"}],"author":[{"embeddable":true,"href":"https:\/\/eldiariodesanpedro.com.ar\/sitio\/wp-json\/wp\/v2\/users\/4"}],"replies":[{"embeddable":true,"href":"https:\/\/eldiariodesanpedro.com.ar\/sitio\/wp-json\/wp\/v2\/comments?post=7419"}],"version-history":[{"count":1,"href":"https:\/\/eldiariodesanpedro.com.ar\/sitio\/wp-json\/wp\/v2\/posts\/7419\/revisions"}],"predecessor-version":[{"id":7421,"href":"https:\/\/eldiariodesanpedro.com.ar\/sitio\/wp-json\/wp\/v2\/posts\/7419\/revisions\/7421"}],"wp:featuredmedia":[{"embeddable":true,"href":"https:\/\/eldiariodesanpedro.com.ar\/sitio\/wp-json\/wp\/v2\/media\/7420"}],"wp:attachment":[{"href":"https:\/\/eldiariodesanpedro.com.ar\/sitio\/wp-json\/wp\/v2\/media?parent=7419"}],"wp:term":[{"taxonomy":"category","embeddable":true,"href":"https:\/\/eldiariodesanpedro.com.ar\/sitio\/wp-json\/wp\/v2\/categories?post=7419"},{"taxonomy":"post_tag","embeddable":true,"href":"https:\/\/eldiariodesanpedro.com.ar\/sitio\/wp-json\/wp\/v2\/tags?post=7419"}],"curies":[{"name":"wp","href":"https:\/\/api.w.org\/{rel}","templated":true}]}}