{"id":74181,"date":"2020-05-21T18:47:58","date_gmt":"2020-05-21T21:47:58","guid":{"rendered":"https:\/\/eldiariodesanpedro.com.ar\/sitio\/?p=74181"},"modified":"2020-05-21T18:48:02","modified_gmt":"2020-05-21T21:48:02","slug":"segundo-sampedrino-con-coronavirus-internado-en-el-hospital-naval","status":"publish","type":"post","link":"https:\/\/eldiariodesanpedro.com.ar\/sitio\/segundo-sampedrino-con-coronavirus-internado-en-el-hospital-naval\/","title":{"rendered":"Segundo sampedrino con coronavirus, internado en el Hospital Naval"},"content":{"rendered":"<!-- VideographyWP Plugin Message: Automatic video embedding prevented by plugin options. -->\n\n<p>Seria el segundo caso sampedrino con coronavirus pero \u00abno tuvo contacto con nadie en la ciudad\u00bb  por que esta persona, que seria un paciente oncol\u00f3gico\u00bb se encuentra internada en un hospital de Buenos Aires hace dos semanas para una operaci\u00f3n.<\/p>\n\n\n\n<p>La Secretar\u00eda de Salud de la Municipalidad de San Pedro, informa que durante la jornada de hoy continuando con la atenci\u00f3n y seguimiento de casos sospechosos, se tomaron cuatro muestras a dos mujeres de 31 y 40 a\u00f1os, y dos hombres de 55 y 75 a\u00f1os.<\/p>\n\n\n\n<p>A la espera de los resultados, se dispuso el aislamiento preventivo de sus contactos estrechos. La mujer de 40 a\u00f1os es la titular de la Comisar\u00eda de la Mujer de San Pedro.<\/p>\n\n\n\n<p>Adem\u00e1s, se contact\u00f3 a un paciente sampedrino que se encuentra internado en el Hospital Naval, a la espera de una cirug\u00eda, y que en el \u00faltimo de los los ex\u00e1menes previos, dio positivo para Covid-19.<\/p>\n\n\n\n<p>Se trata de un hombre de 42 a\u00f1os, paciente oncol\u00f3gico, que ven\u00eda realizando la cuarentena estricta en San Pedro y viaj\u00f3 a Buenos Aires hace dos semanas junto a su esposa para realizarse estudios preoperatorios.<\/p>\n\n\n\n<p>En el transcurso de la internaci\u00f3n se le hab\u00eda realizado un an\u00e1lisis de Covid-19 que hab\u00eda dado negativo, por lo tanto, es altamente probable que se haya contagiado en el mismo centro hospitalario.<\/p>\n\n\n\n<p>Desde la Secretar\u00eda de Salud se ha comprobado que no se han producido en San Pedro, contactos estrechos con el paciente.<\/p>\n\n\n\n<p>Tambi\u00e9n se informa las novedades locales relacionadas con el seguimiento de la Pandemia de Coronavirus:<\/p>\n\n\n\n<p>Positivos COVID-19: 2 * **<br>Nuevas muestras negativas: 0<br>Muestras Pendientes: 4<\/p>\n\n\n\n<p>*Muestra efectuada en la ciudad de San Nicol\u00e1s.<br>**Muestra efectuada en CABA a paciente internado en el Hospital Naval.<\/p>\n\n\n\n<p>Muestras negativas: 113<\/p>\n\n\n\n<p>Se recuerda que, ante s\u00edntomas de tos seca, fiebre y dolor de garganta y la probabilidad de haber estado en contacto con enfermos o viajeros llegados desde las zonas transmisi\u00f3n local o comunitaria se puede llamar al 148 o 107.<\/p>\n\n\n\n<figure class=\"wp-block-image size-large\"><img decoding=\"async\" width=\"1024\" height=\"992\" data-attachment-id=\"74182\" data-permalink=\"https:\/\/eldiariodesanpedro.com.ar\/sitio\/segundo-sampedrino-con-coronavirus-internado-en-el-hospital-naval\/whatsapp-image-2020-05-21-at-18-21-14\/\" data-orig-file=\"https:\/\/eldiariodesanpedro.com.ar\/sitio\/wp-content\/uploads\/2020\/05\/WhatsApp-Image-2020-05-21-at-18.21.14.jpeg\" data-orig-size=\"1280,1240\" data-comments-opened=\"1\" data-image-meta=\"{&quot;aperture&quot;:&quot;0&quot;,&quot;credit&quot;:&quot;&quot;,&quot;camera&quot;:&quot;&quot;,&quot;caption&quot;:&quot;&quot;,&quot;created_timestamp&quot;:&quot;0&quot;,&quot;copyright&quot;:&quot;&quot;,&quot;focal_length&quot;:&quot;0&quot;,&quot;iso&quot;:&quot;0&quot;,&quot;shutter_speed&quot;:&quot;0&quot;,&quot;title&quot;:&quot;&quot;,&quot;orientation&quot;:&quot;0&quot;}\" data-image-title=\"WhatsApp Image 2020-05-21 at 18.21.14\" data-image-description=\"\" data-image-caption=\"\" data-large-file=\"https:\/\/eldiariodesanpedro.com.ar\/sitio\/wp-content\/uploads\/2020\/05\/WhatsApp-Image-2020-05-21-at-18.21.14-1024x992.jpeg\" data-src=\"https:\/\/eldiariodesanpedro.com.ar\/sitio\/wp-content\/uploads\/2020\/05\/WhatsApp-Image-2020-05-21-at-18.21.14-1024x992.jpeg\" alt=\"\" class=\"wp-image-74182 lazyload\" data-srcset=\"https:\/\/eldiariodesanpedro.com.ar\/sitio\/wp-content\/uploads\/2020\/05\/WhatsApp-Image-2020-05-21-at-18.21.14-1024x992.jpeg 1024w, https:\/\/eldiariodesanpedro.com.ar\/sitio\/wp-content\/uploads\/2020\/05\/WhatsApp-Image-2020-05-21-at-18.21.14-300x291.jpeg 300w, https:\/\/eldiariodesanpedro.com.ar\/sitio\/wp-content\/uploads\/2020\/05\/WhatsApp-Image-2020-05-21-at-18.21.14-768x744.jpeg 768w, https:\/\/eldiariodesanpedro.com.ar\/sitio\/wp-content\/uploads\/2020\/05\/WhatsApp-Image-2020-05-21-at-18.21.14.jpeg 1280w\" data-sizes=\"(max-width: 1024px) 100vw, 1024px\" src=\"data:image\/svg+xml;base64,PHN2ZyB3aWR0aD0iMSIgaGVpZ2h0PSIxIiB4bWxucz0iaHR0cDovL3d3dy53My5vcmcvMjAwMC9zdmciPjwvc3ZnPg==\" style=\"--smush-placeholder-width: 1024px; --smush-placeholder-aspect-ratio: 1024\/992;\" \/><\/figure>\n","protected":false},"excerpt":{"rendered":"<p>Seria el segundo caso sampedrino con coronavirus pero \u00abno tuvo contacto con nadie en la ciudad\u00bb por que esta persona, que seria un paciente oncol\u00f3gico\u00bb se encuentra internada en un hospital de Buenos Aires hace dos semanas para una operaci\u00f3n. La Secretar\u00eda de Salud de la Municipalidad de San Pedro, informa que durante la jornada [&hellip;]<\/p>\n","protected":false},"author":4,"featured_media":73801,"comment_status":"open","ping_status":"closed","sticky":false,"template":"","format":"standard","meta":{"om_disable_all_campaigns":false,"_jetpack_memberships_contains_paid_content":false,"footnotes":""},"categories":[101,2],"tags":[197,808,696,33,19],"class_list":["post-74181","post","type-post","status-publish","format-standard","has-post-thumbnail","hentry","category-interes-general-locales","category-locales","tag-buenos-aires","tag-coronavirus","tag-interes-general","tag-locales","tag-san-pedro"],"aioseo_notices":[],"gutentor_comment":0,"jetpack_featured_media_url":"https:\/\/eldiariodesanpedro.com.ar\/sitio\/wp-content\/uploads\/2020\/05\/000083877.jpg","jetpack_shortlink":"https:\/\/wp.me\/p6RhLt-jit","jetpack_sharing_enabled":true,"_links":{"self":[{"href":"https:\/\/eldiariodesanpedro.com.ar\/sitio\/wp-json\/wp\/v2\/posts\/74181","targetHints":{"allow":["GET"]}}],"collection":[{"href":"https:\/\/eldiariodesanpedro.com.ar\/sitio\/wp-json\/wp\/v2\/posts"}],"about":[{"href":"https:\/\/eldiariodesanpedro.com.ar\/sitio\/wp-json\/wp\/v2\/types\/post"}],"author":[{"embeddable":true,"href":"https:\/\/eldiariodesanpedro.com.ar\/sitio\/wp-json\/wp\/v2\/users\/4"}],"replies":[{"embeddable":true,"href":"https:\/\/eldiariodesanpedro.com.ar\/sitio\/wp-json\/wp\/v2\/comments?post=74181"}],"version-history":[{"count":1,"href":"https:\/\/eldiariodesanpedro.com.ar\/sitio\/wp-json\/wp\/v2\/posts\/74181\/revisions"}],"predecessor-version":[{"id":74183,"href":"https:\/\/eldiariodesanpedro.com.ar\/sitio\/wp-json\/wp\/v2\/posts\/74181\/revisions\/74183"}],"wp:featuredmedia":[{"embeddable":true,"href":"https:\/\/eldiariodesanpedro.com.ar\/sitio\/wp-json\/wp\/v2\/media\/73801"}],"wp:attachment":[{"href":"https:\/\/eldiariodesanpedro.com.ar\/sitio\/wp-json\/wp\/v2\/media?parent=74181"}],"wp:term":[{"taxonomy":"category","embeddable":true,"href":"https:\/\/eldiariodesanpedro.com.ar\/sitio\/wp-json\/wp\/v2\/categories?post=74181"},{"taxonomy":"post_tag","embeddable":true,"href":"https:\/\/eldiariodesanpedro.com.ar\/sitio\/wp-json\/wp\/v2\/tags?post=74181"}],"curies":[{"name":"wp","href":"https:\/\/api.w.org\/{rel}","templated":true}]}}