{"id":7417,"date":"2016-08-23T17:41:59","date_gmt":"2016-08-23T20:41:59","guid":{"rendered":"https:\/\/eldiariodesanpedro.com.ar\/sitio\/?p=7417"},"modified":"2016-08-23T17:41:59","modified_gmt":"2016-08-23T20:41:59","slug":"aprehenden-a-un-malviviente-que-intento-robar-una-cartera-a-una-mujer","status":"publish","type":"post","link":"https:\/\/eldiariodesanpedro.com.ar\/sitio\/aprehenden-a-un-malviviente-que-intento-robar-una-cartera-a-una-mujer\/","title":{"rendered":"Aprehenden a un malviviente que intent\u00f3 robar una cartera a una mujer"},"content":{"rendered":"<p><!-- VideographyWP Plugin Message: Automatic video embedding prevented by plugin options. --><br \/>\nEl lunes, en horas de la tarde personal policial, en calle Miguel Porta y Almirante Brown logr\u00f3 aprehender a un  joven de 21 a\u00f1os de edad, el cual trat\u00f3 mediante un arrebato sustraerle a mujer de 34 a\u00f1os la cartera cuando circulaba por ese lugar.<br \/>\nEl mismo qued\u00f3 aprehendido en la dependencia local por el delito de Tentativa de Hurto a disposici\u00f3n UFI Nro. 11 San Pedro. La causa fue caratulada como \u201ctentativa de hurto aprehensi\u00f3n y secuestro\u201d.<\/p>\n","protected":false},"excerpt":{"rendered":"<p>El lunes, en horas de la tarde personal policial, en calle Miguel Porta y Almirante Brown logr\u00f3 aprehender a un joven de 21 a\u00f1os de edad, el cual trat\u00f3 mediante un arrebato sustraerle a mujer de 34 a\u00f1os la cartera cuando circulaba por ese lugar. El mismo qued\u00f3 aprehendido en la dependencia local por el [&hellip;]<\/p>\n","protected":false},"author":4,"featured_media":2693,"comment_status":"open","ping_status":"closed","sticky":false,"template":"","format":"standard","meta":{"om_disable_all_campaigns":false,"_jetpack_memberships_contains_paid_content":false,"footnotes":""},"categories":[50,2,103],"tags":[],"class_list":["post-7417","post","type-post","status-publish","format-standard","has-post-thumbnail","hentry","category-destacadas","category-locales","category-policiales-locales"],"aioseo_notices":[],"gutentor_comment":0,"jetpack_featured_media_url":"https:\/\/eldiariodesanpedro.com.ar\/sitio\/wp-content\/uploads\/2016\/04\/Policia-Bonaerense.jpg","jetpack_shortlink":"https:\/\/wp.me\/p6RhLt-1VD","jetpack_sharing_enabled":true,"_links":{"self":[{"href":"https:\/\/eldiariodesanpedro.com.ar\/sitio\/wp-json\/wp\/v2\/posts\/7417","targetHints":{"allow":["GET"]}}],"collection":[{"href":"https:\/\/eldiariodesanpedro.com.ar\/sitio\/wp-json\/wp\/v2\/posts"}],"about":[{"href":"https:\/\/eldiariodesanpedro.com.ar\/sitio\/wp-json\/wp\/v2\/types\/post"}],"author":[{"embeddable":true,"href":"https:\/\/eldiariodesanpedro.com.ar\/sitio\/wp-json\/wp\/v2\/users\/4"}],"replies":[{"embeddable":true,"href":"https:\/\/eldiariodesanpedro.com.ar\/sitio\/wp-json\/wp\/v2\/comments?post=7417"}],"version-history":[{"count":1,"href":"https:\/\/eldiariodesanpedro.com.ar\/sitio\/wp-json\/wp\/v2\/posts\/7417\/revisions"}],"predecessor-version":[{"id":7418,"href":"https:\/\/eldiariodesanpedro.com.ar\/sitio\/wp-json\/wp\/v2\/posts\/7417\/revisions\/7418"}],"wp:featuredmedia":[{"embeddable":true,"href":"https:\/\/eldiariodesanpedro.com.ar\/sitio\/wp-json\/wp\/v2\/media\/2693"}],"wp:attachment":[{"href":"https:\/\/eldiariodesanpedro.com.ar\/sitio\/wp-json\/wp\/v2\/media?parent=7417"}],"wp:term":[{"taxonomy":"category","embeddable":true,"href":"https:\/\/eldiariodesanpedro.com.ar\/sitio\/wp-json\/wp\/v2\/categories?post=7417"},{"taxonomy":"post_tag","embeddable":true,"href":"https:\/\/eldiariodesanpedro.com.ar\/sitio\/wp-json\/wp\/v2\/tags?post=7417"}],"curies":[{"name":"wp","href":"https:\/\/api.w.org\/{rel}","templated":true}]}}