{"id":74162,"date":"2020-05-21T14:05:13","date_gmt":"2020-05-21T17:05:13","guid":{"rendered":"https:\/\/eldiariodesanpedro.com.ar\/sitio\/?p=74162"},"modified":"2020-05-21T17:40:55","modified_gmt":"2020-05-21T20:40:55","slug":"operativo-vial-interceptaron-un-automovil-que-llevaba-106-mil-dolares-sin-poder-justificar","status":"publish","type":"post","link":"https:\/\/eldiariodesanpedro.com.ar\/sitio\/operativo-vial-interceptaron-un-automovil-que-llevaba-106-mil-dolares-sin-poder-justificar\/","title":{"rendered":"Operativo Vial: Interceptaron un autom\u00f3vil que llevaba 106 mil dolares, sin poder justificar"},"content":{"rendered":"<!-- VideographyWP Plugin Message: Automatic video embedding prevented by plugin options. -->\n\n<p>En la ma\u00f1ana de este jueves se realizo un operativo conjunto entre el personal de Polic\u00eda Vial, Polic\u00eda Rural y personal del SENASA en el destacamento de vialidad, ruta Nacional 9 km 152,5 donde se efectuaron controles en autom\u00f3viles y camiones.<\/p>\n\n\n\n<p>Pasado el mediod\u00eda de jueves, personal del departamento Vial de San Pedro, se encontraba realizando un control sobre la Ruta 9 Km 152, cuando al detener a un autom\u00f3vil BMW color blanco, patente AC856AH, observan que el conductor presentaba un importante estado de nerviosismo.<\/p>\n\n\n\n<p>Le solicitan la identificaci\u00f3n como as\u00ed tambi\u00e9n los papeles del autom\u00f3vil. Tras ello deciden revisar la unidad y en el interior encuentran una suma de dinero millonaria que seg\u00fan manifest\u00f3 la trasladaba desde San Nicol\u00e1s hacia Tigre.<\/p>\n\n\n\n<p>No pudo acreditar la procedencia l\u00edcita de 4 millones de pesos y 80 mil d\u00f3lares. No pose\u00eda documentaci\u00f3n respaldatoria, tan solo expresando que el dinero pertenec\u00eda a una mujer de origen chino.<\/p>\n\n\n\n<p>El conductor del BMW fue identificado como Amado Daniel Guillen Alvarez, paraguayo de 26 a\u00f1os. En su documento figura que se domicilia en Jos\u00e9 C. Paz. El mismo pose\u00eda un permiso para circular.<\/p>\n\n\n\n<p>Personal Vial de San Pedro dieron inmediata intervenci\u00f3n al Juzgado Federal de San Nicol\u00e1s, quienes son los que intervienen en la investigaci\u00f3n, y determinaron el secuestro del dinero y veh\u00edculo, la notificaci\u00f3n de la formaci\u00f3n de la causa por Lavado de activos e Infracci\u00f3n a los art\u00edculos 205 y 303 del CP; y posterior liberaci\u00f3n del conductor. Ya que es un delito excarcelable.<\/p>\n\n\n\n<p>Aun se desconoce la procedencia de la millonaria suma.<\/p>\n\n\n\n<p>M\u00e1s tarde se present\u00f3 en el lugar una mujer de origen Chino a reclamar su dinero producto de una operaci\u00f3n inmobiliaria a bordo de un Audi. Lo hizo acopmpa\u00f1ada de un escribano p\u00fablico.<\/p>\n\n\n\n<p>La totalidad del dinero fue incautado y qued\u00f3 a disposici\u00f3n del Juez Federal Carlos Villafuerte Russo. Quien tomar\u00e1 declaraci\u00f3n a la mujer y ella deber\u00e1 demostrar el origen del mismo para ser devuelto o en su defecto continuara incautado.<\/p>\n\n\n\n<figure class=\"wp-block-image size-large\"><img decoding=\"async\" width=\"2560\" height=\"1707\" data-attachment-id=\"74164\" data-permalink=\"https:\/\/eldiariodesanpedro.com.ar\/sitio\/operativo-vial-interceptaron-un-automovil-que-llevaba-106-mil-dolares-sin-poder-justificar\/dsc_0234\/\" data-orig-file=\"https:\/\/eldiariodesanpedro.com.ar\/sitio\/wp-content\/uploads\/2020\/05\/DSC_0234-scaled.jpg\" data-orig-size=\"2560,1707\" data-comments-opened=\"1\" data-image-meta=\"{&quot;aperture&quot;:&quot;7.1&quot;,&quot;credit&quot;:&quot;&quot;,&quot;camera&quot;:&quot;NIKON D3400&quot;,&quot;caption&quot;:&quot;&quot;,&quot;created_timestamp&quot;:&quot;1590064494&quot;,&quot;copyright&quot;:&quot;&quot;,&quot;focal_length&quot;:&quot;30&quot;,&quot;iso&quot;:&quot;200&quot;,&quot;shutter_speed&quot;:&quot;0.004&quot;,&quot;title&quot;:&quot;&quot;,&quot;orientation&quot;:&quot;1&quot;}\" data-image-title=\"DSC_0234\" data-image-description=\"\" data-image-caption=\"\" data-large-file=\"https:\/\/eldiariodesanpedro.com.ar\/sitio\/wp-content\/uploads\/2020\/05\/DSC_0234-1024x683.jpg\" data-src=\"https:\/\/i1.wp.com\/eldiariodesanpedro.com.ar\/sitio\/wp-content\/uploads\/2020\/05\/DSC_0234-scaled.jpg?fit=640%2C427\" alt=\"\" class=\"wp-image-74164 lazyload\" data-srcset=\"https:\/\/eldiariodesanpedro.com.ar\/sitio\/wp-content\/uploads\/2020\/05\/DSC_0234-scaled.jpg 2560w, https:\/\/eldiariodesanpedro.com.ar\/sitio\/wp-content\/uploads\/2020\/05\/DSC_0234-300x200.jpg 300w, https:\/\/eldiariodesanpedro.com.ar\/sitio\/wp-content\/uploads\/2020\/05\/DSC_0234-1024x683.jpg 1024w, https:\/\/eldiariodesanpedro.com.ar\/sitio\/wp-content\/uploads\/2020\/05\/DSC_0234-768x512.jpg 768w, https:\/\/eldiariodesanpedro.com.ar\/sitio\/wp-content\/uploads\/2020\/05\/DSC_0234-1536x1024.jpg 1536w, https:\/\/eldiariodesanpedro.com.ar\/sitio\/wp-content\/uploads\/2020\/05\/DSC_0234-2048x1365.jpg 2048w\" data-sizes=\"(max-width: 2560px) 100vw, 2560px\" src=\"data:image\/svg+xml;base64,PHN2ZyB3aWR0aD0iMSIgaGVpZ2h0PSIxIiB4bWxucz0iaHR0cDovL3d3dy53My5vcmcvMjAwMC9zdmciPjwvc3ZnPg==\" style=\"--smush-placeholder-width: 2560px; --smush-placeholder-aspect-ratio: 2560\/1707;\" \/><\/figure>\n\n\n\n<figure class=\"wp-block-image size-large\"><img decoding=\"async\" width=\"2560\" height=\"1707\" data-attachment-id=\"74165\" data-permalink=\"https:\/\/eldiariodesanpedro.com.ar\/sitio\/operativo-vial-interceptaron-un-automovil-que-llevaba-106-mil-dolares-sin-poder-justificar\/dsc_0284-1\/\" data-orig-file=\"https:\/\/eldiariodesanpedro.com.ar\/sitio\/wp-content\/uploads\/2020\/05\/DSC_0284-1-scaled.jpg\" data-orig-size=\"2560,1707\" data-comments-opened=\"1\" data-image-meta=\"{&quot;aperture&quot;:&quot;5.6&quot;,&quot;credit&quot;:&quot;&quot;,&quot;camera&quot;:&quot;NIKON D3400&quot;,&quot;caption&quot;:&quot;&quot;,&quot;created_timestamp&quot;:&quot;1590067134&quot;,&quot;copyright&quot;:&quot;&quot;,&quot;focal_length&quot;:&quot;105&quot;,&quot;iso&quot;:&quot;320&quot;,&quot;shutter_speed&quot;:&quot;0.002&quot;,&quot;title&quot;:&quot;&quot;,&quot;orientation&quot;:&quot;1&quot;}\" data-image-title=\"DSC_0284-1\" data-image-description=\"\" data-image-caption=\"\" data-large-file=\"https:\/\/eldiariodesanpedro.com.ar\/sitio\/wp-content\/uploads\/2020\/05\/DSC_0284-1-1024x683.jpg\" data-src=\"https:\/\/i2.wp.com\/eldiariodesanpedro.com.ar\/sitio\/wp-content\/uploads\/2020\/05\/DSC_0284-1-scaled.jpg?fit=640%2C427\" alt=\"\" class=\"wp-image-74165 lazyload\" data-srcset=\"https:\/\/eldiariodesanpedro.com.ar\/sitio\/wp-content\/uploads\/2020\/05\/DSC_0284-1-scaled.jpg 2560w, https:\/\/eldiariodesanpedro.com.ar\/sitio\/wp-content\/uploads\/2020\/05\/DSC_0284-1-300x200.jpg 300w, https:\/\/eldiariodesanpedro.com.ar\/sitio\/wp-content\/uploads\/2020\/05\/DSC_0284-1-1024x683.jpg 1024w, https:\/\/eldiariodesanpedro.com.ar\/sitio\/wp-content\/uploads\/2020\/05\/DSC_0284-1-768x512.jpg 768w, https:\/\/eldiariodesanpedro.com.ar\/sitio\/wp-content\/uploads\/2020\/05\/DSC_0284-1-1536x1024.jpg 1536w, https:\/\/eldiariodesanpedro.com.ar\/sitio\/wp-content\/uploads\/2020\/05\/DSC_0284-1-2048x1365.jpg 2048w\" data-sizes=\"(max-width: 2560px) 100vw, 2560px\" src=\"data:image\/svg+xml;base64,PHN2ZyB3aWR0aD0iMSIgaGVpZ2h0PSIxIiB4bWxucz0iaHR0cDovL3d3dy53My5vcmcvMjAwMC9zdmciPjwvc3ZnPg==\" style=\"--smush-placeholder-width: 2560px; --smush-placeholder-aspect-ratio: 2560\/1707;\" \/><\/figure>\n\n\n\n<figure class=\"wp-block-image size-large\"><img decoding=\"async\" width=\"2560\" height=\"1707\" data-attachment-id=\"74167\" data-permalink=\"https:\/\/eldiariodesanpedro.com.ar\/sitio\/operativo-vial-interceptaron-un-automovil-que-llevaba-106-mil-dolares-sin-poder-justificar\/dsc_0223-2\/\" data-orig-file=\"https:\/\/eldiariodesanpedro.com.ar\/sitio\/wp-content\/uploads\/2020\/05\/DSC_0223-scaled.jpg\" data-orig-size=\"2560,1707\" data-comments-opened=\"1\" data-image-meta=\"{&quot;aperture&quot;:&quot;5.6&quot;,&quot;credit&quot;:&quot;&quot;,&quot;camera&quot;:&quot;NIKON D3400&quot;,&quot;caption&quot;:&quot;&quot;,&quot;created_timestamp&quot;:&quot;1590064033&quot;,&quot;copyright&quot;:&quot;&quot;,&quot;focal_length&quot;:&quot;90&quot;,&quot;iso&quot;:&quot;500&quot;,&quot;shutter_speed&quot;:&quot;0.002&quot;,&quot;title&quot;:&quot;&quot;,&quot;orientation&quot;:&quot;1&quot;}\" data-image-title=\"DSC_0223\" data-image-description=\"\" data-image-caption=\"\" data-large-file=\"https:\/\/eldiariodesanpedro.com.ar\/sitio\/wp-content\/uploads\/2020\/05\/DSC_0223-1024x683.jpg\" data-src=\"https:\/\/i0.wp.com\/eldiariodesanpedro.com.ar\/sitio\/wp-content\/uploads\/2020\/05\/DSC_0223-scaled.jpg?fit=640%2C427\" alt=\"\" class=\"wp-image-74167 lazyload\" data-srcset=\"https:\/\/eldiariodesanpedro.com.ar\/sitio\/wp-content\/uploads\/2020\/05\/DSC_0223-scaled.jpg 2560w, https:\/\/eldiariodesanpedro.com.ar\/sitio\/wp-content\/uploads\/2020\/05\/DSC_0223-300x200.jpg 300w, https:\/\/eldiariodesanpedro.com.ar\/sitio\/wp-content\/uploads\/2020\/05\/DSC_0223-1024x683.jpg 1024w, https:\/\/eldiariodesanpedro.com.ar\/sitio\/wp-content\/uploads\/2020\/05\/DSC_0223-768x512.jpg 768w, https:\/\/eldiariodesanpedro.com.ar\/sitio\/wp-content\/uploads\/2020\/05\/DSC_0223-1536x1024.jpg 1536w, https:\/\/eldiariodesanpedro.com.ar\/sitio\/wp-content\/uploads\/2020\/05\/DSC_0223-2048x1365.jpg 2048w\" data-sizes=\"(max-width: 2560px) 100vw, 2560px\" src=\"data:image\/svg+xml;base64,PHN2ZyB3aWR0aD0iMSIgaGVpZ2h0PSIxIiB4bWxucz0iaHR0cDovL3d3dy53My5vcmcvMjAwMC9zdmciPjwvc3ZnPg==\" style=\"--smush-placeholder-width: 2560px; --smush-placeholder-aspect-ratio: 2560\/1707;\" \/><\/figure>\n\n\n\n<figure class=\"wp-block-image size-large\"><img decoding=\"async\" width=\"2560\" height=\"1707\" data-attachment-id=\"74171\" data-permalink=\"https:\/\/eldiariodesanpedro.com.ar\/sitio\/operativo-vial-interceptaron-un-automovil-que-llevaba-106-mil-dolares-sin-poder-justificar\/dsc_0282\/\" data-orig-file=\"https:\/\/eldiariodesanpedro.com.ar\/sitio\/wp-content\/uploads\/2020\/05\/DSC_0282-scaled.jpg\" data-orig-size=\"2560,1707\" data-comments-opened=\"1\" data-image-meta=\"{&quot;aperture&quot;:&quot;8&quot;,&quot;credit&quot;:&quot;&quot;,&quot;camera&quot;:&quot;NIKON D3400&quot;,&quot;caption&quot;:&quot;&quot;,&quot;created_timestamp&quot;:&quot;1590066877&quot;,&quot;copyright&quot;:&quot;&quot;,&quot;focal_length&quot;:&quot;40&quot;,&quot;iso&quot;:&quot;200&quot;,&quot;shutter_speed&quot;:&quot;0.004&quot;,&quot;title&quot;:&quot;&quot;,&quot;orientation&quot;:&quot;1&quot;}\" data-image-title=\"DSC_0282\" data-image-description=\"\" data-image-caption=\"\" data-large-file=\"https:\/\/eldiariodesanpedro.com.ar\/sitio\/wp-content\/uploads\/2020\/05\/DSC_0282-1024x683.jpg\" data-src=\"https:\/\/i1.wp.com\/eldiariodesanpedro.com.ar\/sitio\/wp-content\/uploads\/2020\/05\/DSC_0282-scaled.jpg?fit=640%2C427\" alt=\"\" class=\"wp-image-74171 lazyload\" data-srcset=\"https:\/\/eldiariodesanpedro.com.ar\/sitio\/wp-content\/uploads\/2020\/05\/DSC_0282-scaled.jpg 2560w, https:\/\/eldiariodesanpedro.com.ar\/sitio\/wp-content\/uploads\/2020\/05\/DSC_0282-300x200.jpg 300w, https:\/\/eldiariodesanpedro.com.ar\/sitio\/wp-content\/uploads\/2020\/05\/DSC_0282-1024x683.jpg 1024w, https:\/\/eldiariodesanpedro.com.ar\/sitio\/wp-content\/uploads\/2020\/05\/DSC_0282-768x512.jpg 768w, https:\/\/eldiariodesanpedro.com.ar\/sitio\/wp-content\/uploads\/2020\/05\/DSC_0282-1536x1024.jpg 1536w, https:\/\/eldiariodesanpedro.com.ar\/sitio\/wp-content\/uploads\/2020\/05\/DSC_0282-2048x1365.jpg 2048w\" data-sizes=\"(max-width: 2560px) 100vw, 2560px\" src=\"data:image\/svg+xml;base64,PHN2ZyB3aWR0aD0iMSIgaGVpZ2h0PSIxIiB4bWxucz0iaHR0cDovL3d3dy53My5vcmcvMjAwMC9zdmciPjwvc3ZnPg==\" style=\"--smush-placeholder-width: 2560px; --smush-placeholder-aspect-ratio: 2560\/1707;\" \/><\/figure>\n","protected":false},"excerpt":{"rendered":"<p>En la ma\u00f1ana de este jueves se realizo un operativo conjunto entre el personal de Polic\u00eda Vial, Polic\u00eda Rural y personal del SENASA en el destacamento de vialidad, ruta Nacional 9 km 152,5 donde se efectuaron controles en autom\u00f3viles y camiones. Pasado el mediod\u00eda de jueves, personal del departamento Vial de San Pedro, se encontraba [&hellip;]<\/p>\n","protected":false},"author":4,"featured_media":74153,"comment_status":"open","ping_status":"closed","sticky":false,"template":"","format":"standard","meta":{"om_disable_all_campaigns":false,"_jetpack_memberships_contains_paid_content":false,"footnotes":""},"categories":[50,2,103],"tags":[],"class_list":["post-74162","post","type-post","status-publish","format-standard","has-post-thumbnail","hentry","category-destacadas","category-locales","category-policiales-locales"],"aioseo_notices":[],"gutentor_comment":0,"jetpack_featured_media_url":"https:\/\/eldiariodesanpedro.com.ar\/sitio\/wp-content\/uploads\/2020\/05\/DSC_0284-scaled-e1590079811657.jpg","jetpack_shortlink":"https:\/\/wp.me\/p6RhLt-jia","jetpack_sharing_enabled":true,"_links":{"self":[{"href":"https:\/\/eldiariodesanpedro.com.ar\/sitio\/wp-json\/wp\/v2\/posts\/74162","targetHints":{"allow":["GET"]}}],"collection":[{"href":"https:\/\/eldiariodesanpedro.com.ar\/sitio\/wp-json\/wp\/v2\/posts"}],"about":[{"href":"https:\/\/eldiariodesanpedro.com.ar\/sitio\/wp-json\/wp\/v2\/types\/post"}],"author":[{"embeddable":true,"href":"https:\/\/eldiariodesanpedro.com.ar\/sitio\/wp-json\/wp\/v2\/users\/4"}],"replies":[{"embeddable":true,"href":"https:\/\/eldiariodesanpedro.com.ar\/sitio\/wp-json\/wp\/v2\/comments?post=74162"}],"version-history":[{"count":12,"href":"https:\/\/eldiariodesanpedro.com.ar\/sitio\/wp-json\/wp\/v2\/posts\/74162\/revisions"}],"predecessor-version":[{"id":74180,"href":"https:\/\/eldiariodesanpedro.com.ar\/sitio\/wp-json\/wp\/v2\/posts\/74162\/revisions\/74180"}],"wp:featuredmedia":[{"embeddable":true,"href":"https:\/\/eldiariodesanpedro.com.ar\/sitio\/wp-json\/wp\/v2\/media\/74153"}],"wp:attachment":[{"href":"https:\/\/eldiariodesanpedro.com.ar\/sitio\/wp-json\/wp\/v2\/media?parent=74162"}],"wp:term":[{"taxonomy":"category","embeddable":true,"href":"https:\/\/eldiariodesanpedro.com.ar\/sitio\/wp-json\/wp\/v2\/categories?post=74162"},{"taxonomy":"post_tag","embeddable":true,"href":"https:\/\/eldiariodesanpedro.com.ar\/sitio\/wp-json\/wp\/v2\/tags?post=74162"}],"curies":[{"name":"wp","href":"https:\/\/api.w.org\/{rel}","templated":true}]}}