{"id":7414,"date":"2016-08-23T10:27:45","date_gmt":"2016-08-23T13:27:45","guid":{"rendered":"https:\/\/eldiariodesanpedro.com.ar\/sitio\/?p=7414"},"modified":"2026-01-24T00:32:44","modified_gmt":"2026-01-24T03:32:44","slug":"comenzo-el-clausura-de-la-liga-nicolena","status":"publish","type":"post","link":"https:\/\/eldiariodesanpedro.com.ar\/sitio\/comenzo-el-clausura-de-la-liga-nicolena\/","title":{"rendered":"Comenz\u00f3 el clausura de la liga nicole\u00f1a"},"content":{"rendered":"<p><!-- VideographyWP Plugin Message: Automatic video embedding prevented by plugin options. --><br \/>\nLa delegaci\u00f3n femenina de voley del club N\u00e1utico San Pedro disput\u00f3 la primera fecha del Torneo Clausura de la Asociaci\u00f3n Nicole\u00f1a de Voley. La misma se llevo a cabo en el Club Somisa de la ciudad de San Nicol\u00e1s, la categor\u00eda sub 13 fue triunfo por 3-0 sobre el equipo local (25-15; 25-8; 25-3). El partido posterior tuvo como protagonistas al sub 15 blanco del club y el sub 15 \u00abA\u00bb de Somisa, 3-2 el local. En sub 15 fue 3-2. El equipo blanco tambi\u00e9n disputo y logr\u00f3 su primer triunfo en el torneo contra el sub 15 \u00abB\u00bb de Somisa, los resultados fueron (25-7; 25-5; 25-1)<br \/>\nLlego el turno del sub 15 celeste, que tambi\u00e9n disputo dos partidos debido a que Somisa inscribi\u00f3 dos equipos sub 15 para el corriente torneo. Las jugadoras de nuestro club mostraron un buen nivel, demostrando lo que hacen entre semana tanto en los entrenamientos de pelota como en el gimnasio de pesas, y poni\u00e9ndose a punto para disputar la 3er fase de la Li.Pro.Bo a disputarse el pr\u00f3ximo fin de semana (26, 27, 28 y 29 de agosto) en la Ciudad de Mar Del Plata buscando una plaza para la Copa Argentina. El primer partido contra el equipo \u00abB\u00bb de Somisa fue (25-6; 25-5; 25;6) y el segundo, contra el sub 15 \u00abA\u00bb los resultados fueron (25-5; 25-9; 25-5).<br \/>\nLa jornada se complet\u00f3 con primera divisi\u00f3n con trunfo \u201cCeleste\u201d de 3-0 para N\u00e1utico  con resultados 25-17; 25-19; 25-10.<br \/>\nFormaci\u00f3n<br \/>\nSUB 13: Mirada Victoria (C), Bianchini Delfina, Terr\u00e9 Candelaria, Tomas Bel\u00e9n, O\u00b4Riordon Juana, Cifuentes Camila, Carmona Martina. Entrenadora: Brambilla Silvana. Asistente: Kurlat Juliana.<br \/>\n SUB 15 blanco: Cifuentes Camila (C), Carmona Martina, Mirada Victoria, Bianchini Delfina, Terr\u00e9 Candelaria, Tomas Belen, O\u00b4Riordon Juana. Entrenadora: Brambilla Silvana. Asistente: Kurlat Juliana.<br \/>\n  SUB 15 celeste: Rimasa Albertina (C), Spotti Constanza, Torre Mar\u00eda Luz, Ull\u00faa Valentina, Bianchi Abril, Monasterio Malena, Anduaga Malena (L). Entrenadora: Kurlat Juliana. Asistente: Brambilla Silvana.<br \/>\n Primera Divisi\u00f3n: Kurlat Juliana (C), Rimasa Albertina, Spotti Constanza, Torre Mar\u00eda Luz, Ullua Valentina, Bianchi Abril, Monasterio Malena, Vallejos Ela (L), Naso Caterina. Entrenadora: Brambilla Silvana.<\/p>\n","protected":false},"excerpt":{"rendered":"<p>La delegaci\u00f3n femenina de voley del club N\u00e1utico San Pedro disput\u00f3 la primera fecha del Torneo Clausura de la Asociaci\u00f3n Nicole\u00f1a de Voley. La misma se llevo a cabo en el Club Somisa de la ciudad de San Nicol\u00e1s, la categor\u00eda sub 13 fue triunfo por 3-0 sobre el equipo local (25-15; 25-8; 25-3). El [&hellip;]<\/p>\n","protected":false},"author":4,"featured_media":7415,"comment_status":"open","ping_status":"closed","sticky":false,"template":"","format":"standard","meta":{"om_disable_all_campaigns":false,"_jetpack_memberships_contains_paid_content":false,"footnotes":""},"categories":[5],"tags":[],"class_list":["post-7414","post","type-post","status-publish","format-standard","has-post-thumbnail","hentry","category-deportes"],"aioseo_notices":[],"gutentor_comment":0,"jetpack_featured_media_url":"https:\/\/eldiariodesanpedro.com.ar\/sitio\/wp-content\/uploads\/2016\/08\/deporte-3.jpg","jetpack_shortlink":"https:\/\/wp.me\/p6RhLt-1VA","jetpack_sharing_enabled":true,"_links":{"self":[{"href":"https:\/\/eldiariodesanpedro.com.ar\/sitio\/wp-json\/wp\/v2\/posts\/7414","targetHints":{"allow":["GET"]}}],"collection":[{"href":"https:\/\/eldiariodesanpedro.com.ar\/sitio\/wp-json\/wp\/v2\/posts"}],"about":[{"href":"https:\/\/eldiariodesanpedro.com.ar\/sitio\/wp-json\/wp\/v2\/types\/post"}],"author":[{"embeddable":true,"href":"https:\/\/eldiariodesanpedro.com.ar\/sitio\/wp-json\/wp\/v2\/users\/4"}],"replies":[{"embeddable":true,"href":"https:\/\/eldiariodesanpedro.com.ar\/sitio\/wp-json\/wp\/v2\/comments?post=7414"}],"version-history":[{"count":1,"href":"https:\/\/eldiariodesanpedro.com.ar\/sitio\/wp-json\/wp\/v2\/posts\/7414\/revisions"}],"predecessor-version":[{"id":7416,"href":"https:\/\/eldiariodesanpedro.com.ar\/sitio\/wp-json\/wp\/v2\/posts\/7414\/revisions\/7416"}],"wp:featuredmedia":[{"embeddable":true,"href":"https:\/\/eldiariodesanpedro.com.ar\/sitio\/wp-json\/wp\/v2\/media\/7415"}],"wp:attachment":[{"href":"https:\/\/eldiariodesanpedro.com.ar\/sitio\/wp-json\/wp\/v2\/media?parent=7414"}],"wp:term":[{"taxonomy":"category","embeddable":true,"href":"https:\/\/eldiariodesanpedro.com.ar\/sitio\/wp-json\/wp\/v2\/categories?post=7414"},{"taxonomy":"post_tag","embeddable":true,"href":"https:\/\/eldiariodesanpedro.com.ar\/sitio\/wp-json\/wp\/v2\/tags?post=7414"}],"curies":[{"name":"wp","href":"https:\/\/api.w.org\/{rel}","templated":true}]}}